{"id":19964,"date":"2026-09-02T10:52:16","date_gmt":"2026-09-02T08:52:16","guid":{"rendered":"https:\/\/francelyme.fr\/site\/?p=19964"},"modified":"2026-09-02T10:52:24","modified_gmt":"2026-09-02T08:52:24","slug":"france-lyme-au-village-des-associations-dela-fete-des-vendanges-de-villers-les-nancy","status":"publish","type":"post","link":"https:\/\/francelyme.fr\/site\/france-lyme-au-village-des-associations-dela-fete-des-vendanges-de-villers-les-nancy\/","title":{"rendered":"France Lyme au village des associations de la F\u00eate des Vendanges de Villers-l\u00e8s-Nancy"},"content":{"rendered":"<div class=\"like-button\" style=\"float: right; clear: both; text-align: right; width = 100%;\">\n<!-- Facebook Like Button Vivacity Infotech BEGIN -->\n<div class=\"fb-like\" data-href=\"https:\/\/francelyme.fr\/site\/france-lyme-au-village-des-associations-dela-fete-des-vendanges-de-villers-les-nancy\/\" data-layout=\"box_count\" data-action=\"like\" data-show-faces=\"false\" data-size=\"large\" data-width=\"450\" data-share=\"1\" ><\/div><\/div>\n<!-- Facebook Like Button Vivacity Infotech END -->\n<div id=\"fb-root\"><\/div>\n\n<p class=\"wp-block-paragraph\">Les 5 et 6 septembre 2026, France Lyme sera pr\u00e9sente au village des associations, dans le<br>cadre de la F\u00eate des Vendanges de Villers-l\u00e8s-Nancy, au Parc de Madame de Graffigny.<br>Notre association tiendra un stand d&rsquo;information tout au long du week-end, anim\u00e9 par des<br>b\u00e9n\u00e9voles disponibles pour r\u00e9pondre \u00e0 toutes vos questions sur les tiques et les maladies<br>vectorielles \u00e0 tiques (MVT).<br>Un stand particuli\u00e8rement utile \u00e0 l\u2019approche de l\u2019automne car, contrairement aux id\u00e9es re\u00e7ues,<br>la vigilance reste de mise avec les tiques durant cette saison. L\u2019automne est en effet une<br>p\u00e9riode d&rsquo;activit\u00e9 pour ces parasites, et c&rsquo;est aussi le moment o\u00f9 beaucoup d&rsquo;entre nous<br>reprennent ou intensifient leurs activit\u00e9s de plein air : randonn\u00e9e, course \u00e0 pied, VTT,<br>jardinage ainsi que les nombreuses activit\u00e9s sportives et de loisirs outdoor propos\u00e9es lors de<br>ce village des associations.<\/p>\n\n\n<div class=\"wp-block-image\">\n<figure class=\"aligncenter size-large\"><img loading=\"lazy\" decoding=\"async\" width=\"700\" height=\"1024\" src=\"https:\/\/francelyme.fr\/site\/wp-content\/uploads\/2026\/09\/Affiche-700x1024.jpeg\" alt=\"\" class=\"wp-image-19965\" srcset=\"https:\/\/francelyme.fr\/site\/wp-content\/uploads\/2026\/09\/Affiche-700x1024.jpeg 700w, https:\/\/francelyme.fr\/site\/wp-content\/uploads\/2026\/09\/Affiche-205x300.jpeg 205w, https:\/\/francelyme.fr\/site\/wp-content\/uploads\/2026\/09\/Affiche-768x1124.jpeg 768w, https:\/\/francelyme.fr\/site\/wp-content\/uploads\/2026\/09\/Affiche-1049x1536.jpeg 1049w, https:\/\/francelyme.fr\/site\/wp-content\/uploads\/2026\/09\/Affiche.jpeg 1104w\" sizes=\"auto, (max-width: 700px) 100vw, 700px\" \/><\/figure>\n<\/div><div class=\"like-button\" style=\"float: right; clear: both; text-align: right; width = 100%;\">\n<!-- Facebook Like Button Vivacity Infotech BEGIN -->\n<div class=\"fb-like\" data-href=\"https:\/\/francelyme.fr\/site\/france-lyme-au-village-des-associations-dela-fete-des-vendanges-de-villers-les-nancy\/\" data-layout=\"box_count\" data-action=\"like\" data-show-faces=\"false\" data-size=\"large\" data-width=\"450\" data-share=\"1\" ><\/div><\/div>\n<!-- Facebook Like Button Vivacity Infotech END -->\n","protected":false},"excerpt":{"rendered":"","protected":false},"author":16,"featured_media":19965,"comment_status":"closed","ping_status":"open","sticky":false,"template":"","format":"standard","meta":{"footnotes":""},"categories":[7,115],"tags":[],"class_list":["post-19964","post","type-post","status-publish","format-standard","has-post-thumbnail","hentry","category-actions","category-lorraine"],"yoast_head":"<!-- This site is optimized with the Yoast SEO plugin v28.2 - https:\/\/yoast.com\/product\/yoast-seo-wordpress\/ -->\n<title>France Lyme au village des associations de la F\u00eate des Vendanges de Villers-l\u00e8s-Nancy - Association France Lyme<\/title>\n<meta name=\"robots\" content=\"index, follow, max-snippet:-1, max-image-preview:large, max-video-preview:-1\" \/>\n<link rel=\"canonical\" href=\"https:\/\/francelyme.fr\/site\/france-lyme-au-village-des-associations-dela-fete-des-vendanges-de-villers-les-nancy\/\" \/>\n<meta property=\"og:locale\" content=\"fr_FR\" \/>\n<meta property=\"og:type\" content=\"article\" \/>\n<meta property=\"og:title\" content=\"France Lyme au village des associations de la F\u00eate des Vendanges de Villers-l\u00e8s-Nancy - Association France Lyme\" \/>\n<meta property=\"og:url\" content=\"https:\/\/francelyme.fr\/site\/france-lyme-au-village-des-associations-dela-fete-des-vendanges-de-villers-les-nancy\/\" \/>\n<meta property=\"og:site_name\" content=\"Association France Lyme\" \/>\n<meta property=\"article:publisher\" content=\"https:\/\/www.facebook.com\/france.lyme\" \/>\n<meta property=\"article:published_time\" content=\"2026-09-02T08:52:16+00:00\" \/>\n<meta property=\"article:modified_time\" content=\"2026-09-02T08:52:24+00:00\" \/>\n<meta property=\"og:image\" content=\"http:\/\/francelyme.fr\/site\/wp-content\/uploads\/2026\/09\/Affiche.jpeg\" \/>\n\t<meta property=\"og:image:width\" content=\"1104\" \/>\n\t<meta property=\"og:image:height\" content=\"1616\" \/>\n\t<meta property=\"og:image:type\" content=\"image\/jpeg\" \/>\n<meta name=\"author\" content=\"Editeur\" \/>\n<meta name=\"twitter:card\" content=\"summary_large_image\" \/>\n<meta name=\"twitter:creator\" content=\"@francelyme\" \/>\n<meta name=\"twitter:site\" content=\"@francelyme\" \/>\n<meta name=\"twitter:label1\" content=\"\u00c9crit par\" \/>\n\t<meta name=\"twitter:data1\" content=\"Editeur\" \/>\n\t<meta name=\"twitter:label2\" content=\"Dur\u00e9e de lecture estim\u00e9e\" \/>\n\t<meta name=\"twitter:data2\" content=\"2 minutes\" \/>\n<script type=\"application\/ld+json\" class=\"yoast-schema-graph\">{\"@context\":\"https:\\\/\\\/schema.org\",\"@graph\":[{\"@type\":\"Article\",\"@id\":\"https:\\\/\\\/francelyme.fr\\\/site\\\/france-lyme-au-village-des-associations-dela-fete-des-vendanges-de-villers-les-nancy\\\/#article\",\"isPartOf\":{\"@id\":\"https:\\\/\\\/francelyme.fr\\\/site\\\/france-lyme-au-village-des-associations-dela-fete-des-vendanges-de-villers-les-nancy\\\/\"},\"author\":{\"name\":\"Editeur\",\"@id\":\"https:\\\/\\\/francelyme.fr\\\/site\\\/#\\\/schema\\\/person\\\/b3a32c0e865447c2586961956f5d867e\"},\"headline\":\"France Lyme au village des associations de la F\u00eate des Vendanges de Villers-l\u00e8s-Nancy\",\"datePublished\":\"2026-09-02T08:52:16+00:00\",\"dateModified\":\"2026-09-02T08:52:24+00:00\",\"mainEntityOfPage\":{\"@id\":\"https:\\\/\\\/francelyme.fr\\\/site\\\/france-lyme-au-village-des-associations-dela-fete-des-vendanges-de-villers-les-nancy\\\/\"},\"wordCount\":159,\"publisher\":{\"@id\":\"https:\\\/\\\/francelyme.fr\\\/site\\\/#organization\"},\"image\":{\"@id\":\"https:\\\/\\\/francelyme.fr\\\/site\\\/france-lyme-au-village-des-associations-dela-fete-des-vendanges-de-villers-les-nancy\\\/#primaryimage\"},\"thumbnailUrl\":\"https:\\\/\\\/francelyme.fr\\\/site\\\/wp-content\\\/uploads\\\/2026\\\/09\\\/Affiche.jpeg\",\"articleSection\":[\"Actions et stands\",\"Lorraine\"],\"inLanguage\":\"fr-FR\"},{\"@type\":\"WebPage\",\"@id\":\"https:\\\/\\\/francelyme.fr\\\/site\\\/france-lyme-au-village-des-associations-dela-fete-des-vendanges-de-villers-les-nancy\\\/\",\"url\":\"https:\\\/\\\/francelyme.fr\\\/site\\\/france-lyme-au-village-des-associations-dela-fete-des-vendanges-de-villers-les-nancy\\\/\",\"name\":\"France Lyme au village des associations de la F\u00eate des Vendanges de Villers-l\u00e8s-Nancy - Association France Lyme\",\"isPartOf\":{\"@id\":\"https:\\\/\\\/francelyme.fr\\\/site\\\/#website\"},\"primaryImageOfPage\":{\"@id\":\"https:\\\/\\\/francelyme.fr\\\/site\\\/france-lyme-au-village-des-associations-dela-fete-des-vendanges-de-villers-les-nancy\\\/#primaryimage\"},\"image\":{\"@id\":\"https:\\\/\\\/francelyme.fr\\\/site\\\/france-lyme-au-village-des-associations-dela-fete-des-vendanges-de-villers-les-nancy\\\/#primaryimage\"},\"thumbnailUrl\":\"https:\\\/\\\/francelyme.fr\\\/site\\\/wp-content\\\/uploads\\\/2026\\\/09\\\/Affiche.jpeg\",\"datePublished\":\"2026-09-02T08:52:16+00:00\",\"dateModified\":\"2026-09-02T08:52:24+00:00\",\"breadcrumb\":{\"@id\":\"https:\\\/\\\/francelyme.fr\\\/site\\\/france-lyme-au-village-des-associations-dela-fete-des-vendanges-de-villers-les-nancy\\\/#breadcrumb\"},\"inLanguage\":\"fr-FR\",\"potentialAction\":[{\"@type\":\"ReadAction\",\"target\":[\"https:\\\/\\\/francelyme.fr\\\/site\\\/france-lyme-au-village-des-associations-dela-fete-des-vendanges-de-villers-les-nancy\\\/\"]}]},{\"@type\":\"ImageObject\",\"inLanguage\":\"fr-FR\",\"@id\":\"https:\\\/\\\/francelyme.fr\\\/site\\\/france-lyme-au-village-des-associations-dela-fete-des-vendanges-de-villers-les-nancy\\\/#primaryimage\",\"url\":\"https:\\\/\\\/francelyme.fr\\\/site\\\/wp-content\\\/uploads\\\/2026\\\/09\\\/Affiche.jpeg\",\"contentUrl\":\"https:\\\/\\\/francelyme.fr\\\/site\\\/wp-content\\\/uploads\\\/2026\\\/09\\\/Affiche.jpeg\",\"width\":1104,\"height\":1616},{\"@type\":\"BreadcrumbList\",\"@id\":\"https:\\\/\\\/francelyme.fr\\\/site\\\/france-lyme-au-village-des-associations-dela-fete-des-vendanges-de-villers-les-nancy\\\/#breadcrumb\",\"itemListElement\":[{\"@type\":\"ListItem\",\"position\":1,\"name\":\"Accueil\",\"item\":\"https:\\\/\\\/francelyme.fr\\\/site\\\/\"},{\"@type\":\"ListItem\",\"position\":2,\"name\":\"France Lyme au village des associations de la F\u00eate des Vendanges de Villers-l\u00e8s-Nancy\"}]},{\"@type\":\"WebSite\",\"@id\":\"https:\\\/\\\/francelyme.fr\\\/site\\\/#website\",\"url\":\"https:\\\/\\\/francelyme.fr\\\/site\\\/\",\"name\":\"Association France Lyme\",\"description\":\"Association de lutte contre les maladies vectorielles \u00e0 tiques\",\"publisher\":{\"@id\":\"https:\\\/\\\/francelyme.fr\\\/site\\\/#organization\"},\"potentialAction\":[{\"@type\":\"SearchAction\",\"target\":{\"@type\":\"EntryPoint\",\"urlTemplate\":\"https:\\\/\\\/francelyme.fr\\\/site\\\/?s={search_term_string}\"},\"query-input\":{\"@type\":\"PropertyValueSpecification\",\"valueRequired\":true,\"valueName\":\"search_term_string\"}}],\"inLanguage\":\"fr-FR\"},{\"@type\":\"Organization\",\"@id\":\"https:\\\/\\\/francelyme.fr\\\/site\\\/#organization\",\"name\":\"France Lyme\",\"url\":\"https:\\\/\\\/francelyme.fr\\\/site\\\/\",\"logo\":{\"@type\":\"ImageObject\",\"inLanguage\":\"fr-FR\",\"@id\":\"https:\\\/\\\/francelyme.fr\\\/site\\\/#\\\/schema\\\/logo\\\/image\\\/\",\"url\":\"https:\\\/\\\/francelyme.fr\\\/site\\\/wp-content\\\/uploads\\\/2019\\\/05\\\/francelyme-site.gif\",\"contentUrl\":\"https:\\\/\\\/francelyme.fr\\\/site\\\/wp-content\\\/uploads\\\/2019\\\/05\\\/francelyme-site.gif\",\"width\":180,\"height\":180,\"caption\":\"France Lyme\"},\"image\":{\"@id\":\"https:\\\/\\\/francelyme.fr\\\/site\\\/#\\\/schema\\\/logo\\\/image\\\/\"},\"sameAs\":[\"https:\\\/\\\/www.facebook.com\\\/france.lyme\",\"https:\\\/\\\/x.com\\\/francelyme\",\"https:\\\/\\\/www.youtube.com\\\/channel\\\/UClMCGl3dvkz0iAgXFR1NH1A\"]},{\"@type\":\"Person\",\"@id\":\"https:\\\/\\\/francelyme.fr\\\/site\\\/#\\\/schema\\\/person\\\/b3a32c0e865447c2586961956f5d867e\",\"name\":\"Editeur\",\"image\":{\"@type\":\"ImageObject\",\"inLanguage\":\"fr-FR\",\"@id\":\"https:\\\/\\\/secure.gravatar.com\\\/avatar\\\/ae207cee02bf4e66ec5abb92d4ccacaa0ad5f5d3d16fe7fcb393eda94bfbf2d2?s=96&d=mm&r=g\",\"url\":\"https:\\\/\\\/secure.gravatar.com\\\/avatar\\\/ae207cee02bf4e66ec5abb92d4ccacaa0ad5f5d3d16fe7fcb393eda94bfbf2d2?s=96&d=mm&r=g\",\"contentUrl\":\"https:\\\/\\\/secure.gravatar.com\\\/avatar\\\/ae207cee02bf4e66ec5abb92d4ccacaa0ad5f5d3d16fe7fcb393eda94bfbf2d2?s=96&d=mm&r=g\",\"caption\":\"Editeur\"},\"url\":\"https:\\\/\\\/francelyme.fr\\\/site\\\/author\\\/editeuradm\\\/\"}]}<\/script>\n<!-- \/ Yoast SEO plugin. -->","yoast_head_json":{"title":"France Lyme au village des associations de la F\u00eate des Vendanges de Villers-l\u00e8s-Nancy - Association France Lyme","robots":{"index":"index","follow":"follow","max-snippet":"max-snippet:-1","max-image-preview":"max-image-preview:large","max-video-preview":"max-video-preview:-1"},"canonical":"https:\/\/francelyme.fr\/site\/france-lyme-au-village-des-associations-dela-fete-des-vendanges-de-villers-les-nancy\/","og_locale":"fr_FR","og_type":"article","og_title":"France Lyme au village des associations de la F\u00eate des Vendanges de Villers-l\u00e8s-Nancy - Association France Lyme","og_url":"https:\/\/francelyme.fr\/site\/france-lyme-au-village-des-associations-dela-fete-des-vendanges-de-villers-les-nancy\/","og_site_name":"Association France Lyme","article_publisher":"https:\/\/www.facebook.com\/france.lyme","article_published_time":"2026-09-02T08:52:16+00:00","article_modified_time":"2026-09-02T08:52:24+00:00","og_image":[{"width":1104,"height":1616,"url":"http:\/\/francelyme.fr\/site\/wp-content\/uploads\/2026\/09\/Affiche.jpeg","type":"image\/jpeg"}],"author":"Editeur","twitter_card":"summary_large_image","twitter_creator":"@francelyme","twitter_site":"@francelyme","twitter_misc":{"\u00c9crit par":"Editeur","Dur\u00e9e de lecture estim\u00e9e":"2 minutes"},"schema":{"@context":"https:\/\/schema.org","@graph":[{"@type":"Article","@id":"https:\/\/francelyme.fr\/site\/france-lyme-au-village-des-associations-dela-fete-des-vendanges-de-villers-les-nancy\/#article","isPartOf":{"@id":"https:\/\/francelyme.fr\/site\/france-lyme-au-village-des-associations-dela-fete-des-vendanges-de-villers-les-nancy\/"},"author":{"name":"Editeur","@id":"https:\/\/francelyme.fr\/site\/#\/schema\/person\/b3a32c0e865447c2586961956f5d867e"},"headline":"France Lyme au village des associations de la F\u00eate des Vendanges de Villers-l\u00e8s-Nancy","datePublished":"2026-09-02T08:52:16+00:00","dateModified":"2026-09-02T08:52:24+00:00","mainEntityOfPage":{"@id":"https:\/\/francelyme.fr\/site\/france-lyme-au-village-des-associations-dela-fete-des-vendanges-de-villers-les-nancy\/"},"wordCount":159,"publisher":{"@id":"https:\/\/francelyme.fr\/site\/#organization"},"image":{"@id":"https:\/\/francelyme.fr\/site\/france-lyme-au-village-des-associations-dela-fete-des-vendanges-de-villers-les-nancy\/#primaryimage"},"thumbnailUrl":"https:\/\/francelyme.fr\/site\/wp-content\/uploads\/2026\/09\/Affiche.jpeg","articleSection":["Actions et stands","Lorraine"],"inLanguage":"fr-FR"},{"@type":"WebPage","@id":"https:\/\/francelyme.fr\/site\/france-lyme-au-village-des-associations-dela-fete-des-vendanges-de-villers-les-nancy\/","url":"https:\/\/francelyme.fr\/site\/france-lyme-au-village-des-associations-dela-fete-des-vendanges-de-villers-les-nancy\/","name":"France Lyme au village des associations de la F\u00eate des Vendanges de Villers-l\u00e8s-Nancy - Association France Lyme","isPartOf":{"@id":"https:\/\/francelyme.fr\/site\/#website"},"primaryImageOfPage":{"@id":"https:\/\/francelyme.fr\/site\/france-lyme-au-village-des-associations-dela-fete-des-vendanges-de-villers-les-nancy\/#primaryimage"},"image":{"@id":"https:\/\/francelyme.fr\/site\/france-lyme-au-village-des-associations-dela-fete-des-vendanges-de-villers-les-nancy\/#primaryimage"},"thumbnailUrl":"https:\/\/francelyme.fr\/site\/wp-content\/uploads\/2026\/09\/Affiche.jpeg","datePublished":"2026-09-02T08:52:16+00:00","dateModified":"2026-09-02T08:52:24+00:00","breadcrumb":{"@id":"https:\/\/francelyme.fr\/site\/france-lyme-au-village-des-associations-dela-fete-des-vendanges-de-villers-les-nancy\/#breadcrumb"},"inLanguage":"fr-FR","potentialAction":[{"@type":"ReadAction","target":["https:\/\/francelyme.fr\/site\/france-lyme-au-village-des-associations-dela-fete-des-vendanges-de-villers-les-nancy\/"]}]},{"@type":"ImageObject","inLanguage":"fr-FR","@id":"https:\/\/francelyme.fr\/site\/france-lyme-au-village-des-associations-dela-fete-des-vendanges-de-villers-les-nancy\/#primaryimage","url":"https:\/\/francelyme.fr\/site\/wp-content\/uploads\/2026\/09\/Affiche.jpeg","contentUrl":"https:\/\/francelyme.fr\/site\/wp-content\/uploads\/2026\/09\/Affiche.jpeg","width":1104,"height":1616},{"@type":"BreadcrumbList","@id":"https:\/\/francelyme.fr\/site\/france-lyme-au-village-des-associations-dela-fete-des-vendanges-de-villers-les-nancy\/#breadcrumb","itemListElement":[{"@type":"ListItem","position":1,"name":"Accueil","item":"https:\/\/francelyme.fr\/site\/"},{"@type":"ListItem","position":2,"name":"France Lyme au village des associations de la F\u00eate des Vendanges de Villers-l\u00e8s-Nancy"}]},{"@type":"WebSite","@id":"https:\/\/francelyme.fr\/site\/#website","url":"https:\/\/francelyme.fr\/site\/","name":"Association France Lyme","description":"Association de lutte contre les maladies vectorielles \u00e0 tiques","publisher":{"@id":"https:\/\/francelyme.fr\/site\/#organization"},"potentialAction":[{"@type":"SearchAction","target":{"@type":"EntryPoint","urlTemplate":"https:\/\/francelyme.fr\/site\/?s={search_term_string}"},"query-input":{"@type":"PropertyValueSpecification","valueRequired":true,"valueName":"search_term_string"}}],"inLanguage":"fr-FR"},{"@type":"Organization","@id":"https:\/\/francelyme.fr\/site\/#organization","name":"France Lyme","url":"https:\/\/francelyme.fr\/site\/","logo":{"@type":"ImageObject","inLanguage":"fr-FR","@id":"https:\/\/francelyme.fr\/site\/#\/schema\/logo\/image\/","url":"https:\/\/francelyme.fr\/site\/wp-content\/uploads\/2019\/05\/francelyme-site.gif","contentUrl":"https:\/\/francelyme.fr\/site\/wp-content\/uploads\/2019\/05\/francelyme-site.gif","width":180,"height":180,"caption":"France Lyme"},"image":{"@id":"https:\/\/francelyme.fr\/site\/#\/schema\/logo\/image\/"},"sameAs":["https:\/\/www.facebook.com\/france.lyme","https:\/\/x.com\/francelyme","https:\/\/www.youtube.com\/channel\/UClMCGl3dvkz0iAgXFR1NH1A"]},{"@type":"Person","@id":"https:\/\/francelyme.fr\/site\/#\/schema\/person\/b3a32c0e865447c2586961956f5d867e","name":"Editeur","image":{"@type":"ImageObject","inLanguage":"fr-FR","@id":"https:\/\/secure.gravatar.com\/avatar\/ae207cee02bf4e66ec5abb92d4ccacaa0ad5f5d3d16fe7fcb393eda94bfbf2d2?s=96&d=mm&r=g","url":"https:\/\/secure.gravatar.com\/avatar\/ae207cee02bf4e66ec5abb92d4ccacaa0ad5f5d3d16fe7fcb393eda94bfbf2d2?s=96&d=mm&r=g","contentUrl":"https:\/\/secure.gravatar.com\/avatar\/ae207cee02bf4e66ec5abb92d4ccacaa0ad5f5d3d16fe7fcb393eda94bfbf2d2?s=96&d=mm&r=g","caption":"Editeur"},"url":"https:\/\/francelyme.fr\/site\/author\/editeuradm\/"}]}},"_links":{"self":[{"href":"https:\/\/francelyme.fr\/site\/wp-json\/wp\/v2\/posts\/19964","targetHints":{"allow":["GET"]}}],"collection":[{"href":"https:\/\/francelyme.fr\/site\/wp-json\/wp\/v2\/posts"}],"about":[{"href":"https:\/\/francelyme.fr\/site\/wp-json\/wp\/v2\/types\/post"}],"author":[{"embeddable":true,"href":"https:\/\/francelyme.fr\/site\/wp-json\/wp\/v2\/users\/16"}],"replies":[{"embeddable":true,"href":"https:\/\/francelyme.fr\/site\/wp-json\/wp\/v2\/comments?post=19964"}],"version-history":[{"count":2,"href":"https:\/\/francelyme.fr\/site\/wp-json\/wp\/v2\/posts\/19964\/revisions"}],"predecessor-version":[{"id":19967,"href":"https:\/\/francelyme.fr\/site\/wp-json\/wp\/v2\/posts\/19964\/revisions\/19967"}],"wp:featuredmedia":[{"embeddable":true,"href":"https:\/\/francelyme.fr\/site\/wp-json\/wp\/v2\/media\/19965"}],"wp:attachment":[{"href":"https:\/\/francelyme.fr\/site\/wp-json\/wp\/v2\/media?parent=19964"}],"wp:term":[{"taxonomy":"category","embeddable":true,"href":"https:\/\/francelyme.fr\/site\/wp-json\/wp\/v2\/categories?post=19964"},{"taxonomy":"post_tag","embeddable":true,"href":"https:\/\/francelyme.fr\/site\/wp-json\/wp\/v2\/tags?post=19964"}],"curies":[{"name":"wp","href":"https:\/\/api.w.org\/{rel}","templated":true}]}}