{"id":19974,"date":"2026-09-03T18:06:44","date_gmt":"2026-09-03T16:06:44","guid":{"rendered":"https:\/\/francelyme.fr\/site\/?p=19974"},"modified":"2026-09-03T18:07:01","modified_gmt":"2026-09-03T16:07:01","slug":"fete-des-associations-a-compiegne-le-12-septembre-2026-60","status":"publish","type":"post","link":"https:\/\/francelyme.fr\/site\/fete-des-associations-a-compiegne-le-12-septembre-2026-60\/","title":{"rendered":"F\u00eate des associations \u00e0 Compi\u00e8gne le 12 septembre 2026 (60)"},"content":{"rendered":"<div class=\"like-button\" style=\"float: right; clear: both; text-align: right; width = 100%;\">\n<!-- Facebook Like Button Vivacity Infotech BEGIN -->\n<div class=\"fb-like\" data-href=\"https:\/\/francelyme.fr\/site\/fete-des-associations-a-compiegne-le-12-septembre-2026-60\/\" data-layout=\"box_count\" data-action=\"like\" data-show-faces=\"false\" data-size=\"large\" data-width=\"450\" data-share=\"1\" ><\/div><\/div>\n<!-- Facebook Like Button Vivacity Infotech END -->\n<div id=\"fb-root\"><\/div>\n\n<p class=\"wp-block-paragraph\">Ce samedi 12 septembre, c&rsquo;est en plein centre ville de Compi\u00e8gne que va se d\u00e9rouler la F\u00eate des Association, au milieu du magnifique parc de Songeons et dans les belles salles St Nicolas.&nbsp;<\/p>\n\n\n\n<p class=\"wp-block-paragraph\">Des centaines d&rsquo;associations seront pr\u00e9sentes pour faire d\u00e9couvrir leurs activit\u00e9s, et donner envie de s&rsquo;investir ou d&rsquo;agir : sport, culture, \u00e9conomie, environnement, quartiers, patrimoine, etc.<\/p>\n\n\n\n<p class=\"wp-block-paragraph\">G\u00e9rard et moi auront le plaisir d&rsquo;animer notre stand de pr\u00e9vention et d&rsquo;information sur la maladie de Lyme.&nbsp;<\/p>\n\n\n\n<p class=\"wp-block-paragraph\">Riche d&rsquo;un tissus associatif de plus de 1000 associations, le territoire Compi\u00e8gnois se d\u00e9marque par sa diversit\u00e9 et son dynamisme. Durant toute la journ\u00e9e, ce sera plus de 300 associations qui animeront cette f\u00eate des associations \u00a0\u00bb Edition 2026&Prime;, organis\u00e9e par la municipalit\u00e9.&nbsp;<\/p>\n\n\n\n<p class=\"wp-block-paragraph\">L&rsquo;acc\u00e8s est libre, et se d\u00e9roulera de 10h00 \u00e0 17h00.<\/p>\n\n\n\n<p class=\"wp-block-paragraph\">Venez nombreux nous rencontrer !<\/p>\n\n\n\n<p class=\"wp-block-paragraph\">Patrick<\/p>\n\n\n<div class=\"wp-block-image\">\n<figure class=\"aligncenter size-large\"><img loading=\"lazy\" decoding=\"async\" width=\"1024\" height=\"519\" src=\"https:\/\/francelyme.fr\/site\/wp-content\/uploads\/2026\/09\/777855281_1499925942178254_9068957051521328280_n.png-1024x519.jpeg\" alt=\"\" class=\"wp-image-19975\" srcset=\"https:\/\/francelyme.fr\/site\/wp-content\/uploads\/2026\/09\/777855281_1499925942178254_9068957051521328280_n.png-1024x519.jpeg 1024w, https:\/\/francelyme.fr\/site\/wp-content\/uploads\/2026\/09\/777855281_1499925942178254_9068957051521328280_n.png-300x152.jpeg 300w, https:\/\/francelyme.fr\/site\/wp-content\/uploads\/2026\/09\/777855281_1499925942178254_9068957051521328280_n.png-768x389.jpeg 768w, https:\/\/francelyme.fr\/site\/wp-content\/uploads\/2026\/09\/777855281_1499925942178254_9068957051521328280_n.png-1536x778.jpeg 1536w, https:\/\/francelyme.fr\/site\/wp-content\/uploads\/2026\/09\/777855281_1499925942178254_9068957051521328280_n.png-1320x668.jpeg 1320w, https:\/\/francelyme.fr\/site\/wp-content\/uploads\/2026\/09\/777855281_1499925942178254_9068957051521328280_n.png.jpeg 2048w\" sizes=\"auto, (max-width: 1024px) 100vw, 1024px\" \/><\/figure>\n<\/div><div class=\"like-button\" style=\"float: right; clear: both; text-align: right; width = 100%;\">\n<!-- Facebook Like Button Vivacity Infotech BEGIN -->\n<div class=\"fb-like\" data-href=\"https:\/\/francelyme.fr\/site\/fete-des-associations-a-compiegne-le-12-septembre-2026-60\/\" data-layout=\"box_count\" data-action=\"like\" data-show-faces=\"false\" data-size=\"large\" data-width=\"450\" data-share=\"1\" ><\/div><\/div>\n<!-- Facebook Like Button Vivacity Infotech END -->\n","protected":false},"excerpt":{"rendered":"","protected":false},"author":16,"featured_media":19975,"comment_status":"closed","ping_status":"open","sticky":false,"template":"","format":"standard","meta":{"footnotes":""},"categories":[7,251],"tags":[],"class_list":["post-19974","post","type-post","status-publish","format-standard","has-post-thumbnail","hentry","category-actions","category-picardie"],"yoast_head":"<!-- This site is optimized with the Yoast SEO plugin v28.2 - https:\/\/yoast.com\/product\/yoast-seo-wordpress\/ -->\n<title>F\u00eate des associations \u00e0 Compi\u00e8gne le 12 septembre 2026 (60) - Association France Lyme<\/title>\n<meta name=\"robots\" content=\"index, follow, max-snippet:-1, max-image-preview:large, max-video-preview:-1\" \/>\n<link rel=\"canonical\" href=\"https:\/\/francelyme.fr\/site\/fete-des-associations-a-compiegne-le-12-septembre-2026-60\/\" \/>\n<meta property=\"og:locale\" content=\"fr_FR\" \/>\n<meta property=\"og:type\" content=\"article\" \/>\n<meta property=\"og:title\" content=\"F\u00eate des associations \u00e0 Compi\u00e8gne le 12 septembre 2026 (60) - Association France Lyme\" \/>\n<meta property=\"og:url\" content=\"https:\/\/francelyme.fr\/site\/fete-des-associations-a-compiegne-le-12-septembre-2026-60\/\" \/>\n<meta property=\"og:site_name\" content=\"Association France Lyme\" \/>\n<meta property=\"article:publisher\" content=\"https:\/\/www.facebook.com\/france.lyme\" \/>\n<meta property=\"article:published_time\" content=\"2026-09-03T16:06:44+00:00\" \/>\n<meta property=\"article:modified_time\" content=\"2026-09-03T16:07:01+00:00\" \/>\n<meta property=\"og:image\" content=\"http:\/\/francelyme.fr\/site\/wp-content\/uploads\/2026\/09\/777855281_1499925942178254_9068957051521328280_n.png.jpeg\" \/>\n\t<meta property=\"og:image:width\" content=\"2048\" \/>\n\t<meta property=\"og:image:height\" content=\"1037\" \/>\n\t<meta property=\"og:image:type\" content=\"image\/jpeg\" \/>\n<meta name=\"author\" content=\"Editeur\" \/>\n<meta name=\"twitter:card\" content=\"summary_large_image\" \/>\n<meta name=\"twitter:creator\" content=\"@francelyme\" \/>\n<meta name=\"twitter:site\" content=\"@francelyme\" \/>\n<meta name=\"twitter:label1\" content=\"\u00c9crit par\" \/>\n\t<meta name=\"twitter:data1\" content=\"Editeur\" \/>\n\t<meta name=\"twitter:label2\" content=\"Dur\u00e9e de lecture estim\u00e9e\" \/>\n\t<meta name=\"twitter:data2\" content=\"2 minutes\" \/>\n<script type=\"application\/ld+json\" class=\"yoast-schema-graph\">{\"@context\":\"https:\\\/\\\/schema.org\",\"@graph\":[{\"@type\":\"Article\",\"@id\":\"https:\\\/\\\/francelyme.fr\\\/site\\\/fete-des-associations-a-compiegne-le-12-septembre-2026-60\\\/#article\",\"isPartOf\":{\"@id\":\"https:\\\/\\\/francelyme.fr\\\/site\\\/fete-des-associations-a-compiegne-le-12-septembre-2026-60\\\/\"},\"author\":{\"name\":\"Editeur\",\"@id\":\"https:\\\/\\\/francelyme.fr\\\/site\\\/#\\\/schema\\\/person\\\/b3a32c0e865447c2586961956f5d867e\"},\"headline\":\"F\u00eate des associations \u00e0 Compi\u00e8gne le 12 septembre 2026 (60)\",\"datePublished\":\"2026-09-03T16:06:44+00:00\",\"dateModified\":\"2026-09-03T16:07:01+00:00\",\"mainEntityOfPage\":{\"@id\":\"https:\\\/\\\/francelyme.fr\\\/site\\\/fete-des-associations-a-compiegne-le-12-septembre-2026-60\\\/\"},\"wordCount\":161,\"publisher\":{\"@id\":\"https:\\\/\\\/francelyme.fr\\\/site\\\/#organization\"},\"image\":{\"@id\":\"https:\\\/\\\/francelyme.fr\\\/site\\\/fete-des-associations-a-compiegne-le-12-septembre-2026-60\\\/#primaryimage\"},\"thumbnailUrl\":\"https:\\\/\\\/francelyme.fr\\\/site\\\/wp-content\\\/uploads\\\/2026\\\/09\\\/777855281_1499925942178254_9068957051521328280_n.png.jpeg\",\"articleSection\":[\"Actions et stands\",\"Picardie\"],\"inLanguage\":\"fr-FR\"},{\"@type\":\"WebPage\",\"@id\":\"https:\\\/\\\/francelyme.fr\\\/site\\\/fete-des-associations-a-compiegne-le-12-septembre-2026-60\\\/\",\"url\":\"https:\\\/\\\/francelyme.fr\\\/site\\\/fete-des-associations-a-compiegne-le-12-septembre-2026-60\\\/\",\"name\":\"F\u00eate des associations \u00e0 Compi\u00e8gne le 12 septembre 2026 (60) - Association France Lyme\",\"isPartOf\":{\"@id\":\"https:\\\/\\\/francelyme.fr\\\/site\\\/#website\"},\"primaryImageOfPage\":{\"@id\":\"https:\\\/\\\/francelyme.fr\\\/site\\\/fete-des-associations-a-compiegne-le-12-septembre-2026-60\\\/#primaryimage\"},\"image\":{\"@id\":\"https:\\\/\\\/francelyme.fr\\\/site\\\/fete-des-associations-a-compiegne-le-12-septembre-2026-60\\\/#primaryimage\"},\"thumbnailUrl\":\"https:\\\/\\\/francelyme.fr\\\/site\\\/wp-content\\\/uploads\\\/2026\\\/09\\\/777855281_1499925942178254_9068957051521328280_n.png.jpeg\",\"datePublished\":\"2026-09-03T16:06:44+00:00\",\"dateModified\":\"2026-09-03T16:07:01+00:00\",\"breadcrumb\":{\"@id\":\"https:\\\/\\\/francelyme.fr\\\/site\\\/fete-des-associations-a-compiegne-le-12-septembre-2026-60\\\/#breadcrumb\"},\"inLanguage\":\"fr-FR\",\"potentialAction\":[{\"@type\":\"ReadAction\",\"target\":[\"https:\\\/\\\/francelyme.fr\\\/site\\\/fete-des-associations-a-compiegne-le-12-septembre-2026-60\\\/\"]}]},{\"@type\":\"ImageObject\",\"inLanguage\":\"fr-FR\",\"@id\":\"https:\\\/\\\/francelyme.fr\\\/site\\\/fete-des-associations-a-compiegne-le-12-septembre-2026-60\\\/#primaryimage\",\"url\":\"https:\\\/\\\/francelyme.fr\\\/site\\\/wp-content\\\/uploads\\\/2026\\\/09\\\/777855281_1499925942178254_9068957051521328280_n.png.jpeg\",\"contentUrl\":\"https:\\\/\\\/francelyme.fr\\\/site\\\/wp-content\\\/uploads\\\/2026\\\/09\\\/777855281_1499925942178254_9068957051521328280_n.png.jpeg\",\"width\":2048,\"height\":1037},{\"@type\":\"BreadcrumbList\",\"@id\":\"https:\\\/\\\/francelyme.fr\\\/site\\\/fete-des-associations-a-compiegne-le-12-septembre-2026-60\\\/#breadcrumb\",\"itemListElement\":[{\"@type\":\"ListItem\",\"position\":1,\"name\":\"Accueil\",\"item\":\"https:\\\/\\\/francelyme.fr\\\/site\\\/\"},{\"@type\":\"ListItem\",\"position\":2,\"name\":\"F\u00eate des associations \u00e0 Compi\u00e8gne le 12 septembre 2026 (60)\"}]},{\"@type\":\"WebSite\",\"@id\":\"https:\\\/\\\/francelyme.fr\\\/site\\\/#website\",\"url\":\"https:\\\/\\\/francelyme.fr\\\/site\\\/\",\"name\":\"Association France Lyme\",\"description\":\"Association de lutte contre les maladies vectorielles \u00e0 tiques\",\"publisher\":{\"@id\":\"https:\\\/\\\/francelyme.fr\\\/site\\\/#organization\"},\"potentialAction\":[{\"@type\":\"SearchAction\",\"target\":{\"@type\":\"EntryPoint\",\"urlTemplate\":\"https:\\\/\\\/francelyme.fr\\\/site\\\/?s={search_term_string}\"},\"query-input\":{\"@type\":\"PropertyValueSpecification\",\"valueRequired\":true,\"valueName\":\"search_term_string\"}}],\"inLanguage\":\"fr-FR\"},{\"@type\":\"Organization\",\"@id\":\"https:\\\/\\\/francelyme.fr\\\/site\\\/#organization\",\"name\":\"France Lyme\",\"url\":\"https:\\\/\\\/francelyme.fr\\\/site\\\/\",\"logo\":{\"@type\":\"ImageObject\",\"inLanguage\":\"fr-FR\",\"@id\":\"https:\\\/\\\/francelyme.fr\\\/site\\\/#\\\/schema\\\/logo\\\/image\\\/\",\"url\":\"https:\\\/\\\/francelyme.fr\\\/site\\\/wp-content\\\/uploads\\\/2019\\\/05\\\/francelyme-site.gif\",\"contentUrl\":\"https:\\\/\\\/francelyme.fr\\\/site\\\/wp-content\\\/uploads\\\/2019\\\/05\\\/francelyme-site.gif\",\"width\":180,\"height\":180,\"caption\":\"France Lyme\"},\"image\":{\"@id\":\"https:\\\/\\\/francelyme.fr\\\/site\\\/#\\\/schema\\\/logo\\\/image\\\/\"},\"sameAs\":[\"https:\\\/\\\/www.facebook.com\\\/france.lyme\",\"https:\\\/\\\/x.com\\\/francelyme\",\"https:\\\/\\\/www.youtube.com\\\/channel\\\/UClMCGl3dvkz0iAgXFR1NH1A\"]},{\"@type\":\"Person\",\"@id\":\"https:\\\/\\\/francelyme.fr\\\/site\\\/#\\\/schema\\\/person\\\/b3a32c0e865447c2586961956f5d867e\",\"name\":\"Editeur\",\"image\":{\"@type\":\"ImageObject\",\"inLanguage\":\"fr-FR\",\"@id\":\"https:\\\/\\\/secure.gravatar.com\\\/avatar\\\/ae207cee02bf4e66ec5abb92d4ccacaa0ad5f5d3d16fe7fcb393eda94bfbf2d2?s=96&d=mm&r=g\",\"url\":\"https:\\\/\\\/secure.gravatar.com\\\/avatar\\\/ae207cee02bf4e66ec5abb92d4ccacaa0ad5f5d3d16fe7fcb393eda94bfbf2d2?s=96&d=mm&r=g\",\"contentUrl\":\"https:\\\/\\\/secure.gravatar.com\\\/avatar\\\/ae207cee02bf4e66ec5abb92d4ccacaa0ad5f5d3d16fe7fcb393eda94bfbf2d2?s=96&d=mm&r=g\",\"caption\":\"Editeur\"},\"url\":\"https:\\\/\\\/francelyme.fr\\\/site\\\/author\\\/editeuradm\\\/\"}]}<\/script>\n<!-- \/ Yoast SEO plugin. -->","yoast_head_json":{"title":"F\u00eate des associations \u00e0 Compi\u00e8gne le 12 septembre 2026 (60) - Association France Lyme","robots":{"index":"index","follow":"follow","max-snippet":"max-snippet:-1","max-image-preview":"max-image-preview:large","max-video-preview":"max-video-preview:-1"},"canonical":"https:\/\/francelyme.fr\/site\/fete-des-associations-a-compiegne-le-12-septembre-2026-60\/","og_locale":"fr_FR","og_type":"article","og_title":"F\u00eate des associations \u00e0 Compi\u00e8gne le 12 septembre 2026 (60) - Association France Lyme","og_url":"https:\/\/francelyme.fr\/site\/fete-des-associations-a-compiegne-le-12-septembre-2026-60\/","og_site_name":"Association France Lyme","article_publisher":"https:\/\/www.facebook.com\/france.lyme","article_published_time":"2026-09-03T16:06:44+00:00","article_modified_time":"2026-09-03T16:07:01+00:00","og_image":[{"width":2048,"height":1037,"url":"http:\/\/francelyme.fr\/site\/wp-content\/uploads\/2026\/09\/777855281_1499925942178254_9068957051521328280_n.png.jpeg","type":"image\/jpeg"}],"author":"Editeur","twitter_card":"summary_large_image","twitter_creator":"@francelyme","twitter_site":"@francelyme","twitter_misc":{"\u00c9crit par":"Editeur","Dur\u00e9e de lecture estim\u00e9e":"2 minutes"},"schema":{"@context":"https:\/\/schema.org","@graph":[{"@type":"Article","@id":"https:\/\/francelyme.fr\/site\/fete-des-associations-a-compiegne-le-12-septembre-2026-60\/#article","isPartOf":{"@id":"https:\/\/francelyme.fr\/site\/fete-des-associations-a-compiegne-le-12-septembre-2026-60\/"},"author":{"name":"Editeur","@id":"https:\/\/francelyme.fr\/site\/#\/schema\/person\/b3a32c0e865447c2586961956f5d867e"},"headline":"F\u00eate des associations \u00e0 Compi\u00e8gne le 12 septembre 2026 (60)","datePublished":"2026-09-03T16:06:44+00:00","dateModified":"2026-09-03T16:07:01+00:00","mainEntityOfPage":{"@id":"https:\/\/francelyme.fr\/site\/fete-des-associations-a-compiegne-le-12-septembre-2026-60\/"},"wordCount":161,"publisher":{"@id":"https:\/\/francelyme.fr\/site\/#organization"},"image":{"@id":"https:\/\/francelyme.fr\/site\/fete-des-associations-a-compiegne-le-12-septembre-2026-60\/#primaryimage"},"thumbnailUrl":"https:\/\/francelyme.fr\/site\/wp-content\/uploads\/2026\/09\/777855281_1499925942178254_9068957051521328280_n.png.jpeg","articleSection":["Actions et stands","Picardie"],"inLanguage":"fr-FR"},{"@type":"WebPage","@id":"https:\/\/francelyme.fr\/site\/fete-des-associations-a-compiegne-le-12-septembre-2026-60\/","url":"https:\/\/francelyme.fr\/site\/fete-des-associations-a-compiegne-le-12-septembre-2026-60\/","name":"F\u00eate des associations \u00e0 Compi\u00e8gne le 12 septembre 2026 (60) - Association France Lyme","isPartOf":{"@id":"https:\/\/francelyme.fr\/site\/#website"},"primaryImageOfPage":{"@id":"https:\/\/francelyme.fr\/site\/fete-des-associations-a-compiegne-le-12-septembre-2026-60\/#primaryimage"},"image":{"@id":"https:\/\/francelyme.fr\/site\/fete-des-associations-a-compiegne-le-12-septembre-2026-60\/#primaryimage"},"thumbnailUrl":"https:\/\/francelyme.fr\/site\/wp-content\/uploads\/2026\/09\/777855281_1499925942178254_9068957051521328280_n.png.jpeg","datePublished":"2026-09-03T16:06:44+00:00","dateModified":"2026-09-03T16:07:01+00:00","breadcrumb":{"@id":"https:\/\/francelyme.fr\/site\/fete-des-associations-a-compiegne-le-12-septembre-2026-60\/#breadcrumb"},"inLanguage":"fr-FR","potentialAction":[{"@type":"ReadAction","target":["https:\/\/francelyme.fr\/site\/fete-des-associations-a-compiegne-le-12-septembre-2026-60\/"]}]},{"@type":"ImageObject","inLanguage":"fr-FR","@id":"https:\/\/francelyme.fr\/site\/fete-des-associations-a-compiegne-le-12-septembre-2026-60\/#primaryimage","url":"https:\/\/francelyme.fr\/site\/wp-content\/uploads\/2026\/09\/777855281_1499925942178254_9068957051521328280_n.png.jpeg","contentUrl":"https:\/\/francelyme.fr\/site\/wp-content\/uploads\/2026\/09\/777855281_1499925942178254_9068957051521328280_n.png.jpeg","width":2048,"height":1037},{"@type":"BreadcrumbList","@id":"https:\/\/francelyme.fr\/site\/fete-des-associations-a-compiegne-le-12-septembre-2026-60\/#breadcrumb","itemListElement":[{"@type":"ListItem","position":1,"name":"Accueil","item":"https:\/\/francelyme.fr\/site\/"},{"@type":"ListItem","position":2,"name":"F\u00eate des associations \u00e0 Compi\u00e8gne le 12 septembre 2026 (60)"}]},{"@type":"WebSite","@id":"https:\/\/francelyme.fr\/site\/#website","url":"https:\/\/francelyme.fr\/site\/","name":"Association France Lyme","description":"Association de lutte contre les maladies vectorielles \u00e0 tiques","publisher":{"@id":"https:\/\/francelyme.fr\/site\/#organization"},"potentialAction":[{"@type":"SearchAction","target":{"@type":"EntryPoint","urlTemplate":"https:\/\/francelyme.fr\/site\/?s={search_term_string}"},"query-input":{"@type":"PropertyValueSpecification","valueRequired":true,"valueName":"search_term_string"}}],"inLanguage":"fr-FR"},{"@type":"Organization","@id":"https:\/\/francelyme.fr\/site\/#organization","name":"France Lyme","url":"https:\/\/francelyme.fr\/site\/","logo":{"@type":"ImageObject","inLanguage":"fr-FR","@id":"https:\/\/francelyme.fr\/site\/#\/schema\/logo\/image\/","url":"https:\/\/francelyme.fr\/site\/wp-content\/uploads\/2019\/05\/francelyme-site.gif","contentUrl":"https:\/\/francelyme.fr\/site\/wp-content\/uploads\/2019\/05\/francelyme-site.gif","width":180,"height":180,"caption":"France Lyme"},"image":{"@id":"https:\/\/francelyme.fr\/site\/#\/schema\/logo\/image\/"},"sameAs":["https:\/\/www.facebook.com\/france.lyme","https:\/\/x.com\/francelyme","https:\/\/www.youtube.com\/channel\/UClMCGl3dvkz0iAgXFR1NH1A"]},{"@type":"Person","@id":"https:\/\/francelyme.fr\/site\/#\/schema\/person\/b3a32c0e865447c2586961956f5d867e","name":"Editeur","image":{"@type":"ImageObject","inLanguage":"fr-FR","@id":"https:\/\/secure.gravatar.com\/avatar\/ae207cee02bf4e66ec5abb92d4ccacaa0ad5f5d3d16fe7fcb393eda94bfbf2d2?s=96&d=mm&r=g","url":"https:\/\/secure.gravatar.com\/avatar\/ae207cee02bf4e66ec5abb92d4ccacaa0ad5f5d3d16fe7fcb393eda94bfbf2d2?s=96&d=mm&r=g","contentUrl":"https:\/\/secure.gravatar.com\/avatar\/ae207cee02bf4e66ec5abb92d4ccacaa0ad5f5d3d16fe7fcb393eda94bfbf2d2?s=96&d=mm&r=g","caption":"Editeur"},"url":"https:\/\/francelyme.fr\/site\/author\/editeuradm\/"}]}},"_links":{"self":[{"href":"https:\/\/francelyme.fr\/site\/wp-json\/wp\/v2\/posts\/19974","targetHints":{"allow":["GET"]}}],"collection":[{"href":"https:\/\/francelyme.fr\/site\/wp-json\/wp\/v2\/posts"}],"about":[{"href":"https:\/\/francelyme.fr\/site\/wp-json\/wp\/v2\/types\/post"}],"author":[{"embeddable":true,"href":"https:\/\/francelyme.fr\/site\/wp-json\/wp\/v2\/users\/16"}],"replies":[{"embeddable":true,"href":"https:\/\/francelyme.fr\/site\/wp-json\/wp\/v2\/comments?post=19974"}],"version-history":[{"count":2,"href":"https:\/\/francelyme.fr\/site\/wp-json\/wp\/v2\/posts\/19974\/revisions"}],"predecessor-version":[{"id":19977,"href":"https:\/\/francelyme.fr\/site\/wp-json\/wp\/v2\/posts\/19974\/revisions\/19977"}],"wp:featuredmedia":[{"embeddable":true,"href":"https:\/\/francelyme.fr\/site\/wp-json\/wp\/v2\/media\/19975"}],"wp:attachment":[{"href":"https:\/\/francelyme.fr\/site\/wp-json\/wp\/v2\/media?parent=19974"}],"wp:term":[{"taxonomy":"category","embeddable":true,"href":"https:\/\/francelyme.fr\/site\/wp-json\/wp\/v2\/categories?post=19974"},{"taxonomy":"post_tag","embeddable":true,"href":"https:\/\/francelyme.fr\/site\/wp-json\/wp\/v2\/tags?post=19974"}],"curies":[{"name":"wp","href":"https:\/\/api.w.org\/{rel}","templated":true}]}}