{"id":2427,"date":"2014-01-30T10:22:52","date_gmt":"2014-01-30T09:22:52","guid":{"rendered":"http:\/\/francelyme.fr\/?p=2427"},"modified":"2019-11-15T19:25:48","modified_gmt":"2019-11-15T18:25:48","slug":"les-affiches-de-prevention-sont-disponibles","status":"publish","type":"post","link":"https:\/\/francelyme.fr\/site\/les-affiches-de-prevention-sont-disponibles\/","title":{"rendered":"Les affiches de pr\u00e9vention sont disponibles !"},"content":{"rendered":"<div class=\"like-button\" style=\"float: right; clear: both; text-align: right; width = 100%;\">\n<!-- Facebook Like Button Vivacity Infotech BEGIN -->\n<div class=\"fb-like\" data-href=\"https:\/\/francelyme.fr\/site\/les-affiches-de-prevention-sont-disponibles\/\" data-layout=\"box_count\" data-action=\"like\" data-show-faces=\"false\" data-size=\"large\" data-width=\"450\" data-share=\"1\" ><\/div><\/div>\n<!-- Facebook Like Button Vivacity Infotech END -->\n<div id=\"fb-root\"><\/div>\n\n<figure class=\"wp-block-image\"><img loading=\"lazy\" decoding=\"async\" width=\"724\" height=\"1024\" src=\"http:\/\/francelyme.fr\/site\/wp-content\/uploads\/2012\/07\/Affiche-France-Lyme-2016-septembrelight-page-001-724x1024.jpg\" alt=\"\" class=\"wp-image-6142\" srcset=\"https:\/\/francelyme.fr\/site\/wp-content\/uploads\/2012\/07\/Affiche-France-Lyme-2016-septembrelight-page-001-724x1024.jpg 724w, https:\/\/francelyme.fr\/site\/wp-content\/uploads\/2012\/07\/Affiche-France-Lyme-2016-septembrelight-page-001-212x300.jpg 212w, https:\/\/francelyme.fr\/site\/wp-content\/uploads\/2012\/07\/Affiche-France-Lyme-2016-septembrelight-page-001-768x1086.jpg 768w, https:\/\/francelyme.fr\/site\/wp-content\/uploads\/2012\/07\/Affiche-France-Lyme-2016-septembrelight-page-001.jpg 1754w\" sizes=\"auto, (max-width: 724px) 100vw, 724px\" \/><figcaption>\t\tFormat A3 et A4<\/figcaption><\/figure>\n\n\n<p><a href=\"http:\/\/francelyme.fr\/site\/wp-content\/uploads\/2016\/11\/Affiche-France-Lyme-2016-septembrelight.pdf\">affiche-france-lyme-2016-septembrelight<\/a><\/p>\n<p>Cette affiche est destin\u00e9e \u00e0\u00a0 \u00eatre appos\u00e9e dans les <span style=\"font-weight: bold;\">cabinets m\u00e9dicaux<\/span> (g\u00e9n\u00e9ralistes, sp\u00e9cialistes, m\u00e9decins du travail&#8230;) <strong>et param\u00e9dicaux<\/strong> (kin\u00e9s, infirmiers etc&#8230;). Vous pouvez soit l&rsquo;imprimer vous-m\u00eame pour la donner \u00e0 votre praticien, soit nous demander de<strong> vous envoyer plusieurs affiches, format A4 ou A3. Pour cela, merci d&rsquo;\u00e9crire \u00e0 l&rsquo;adresse <a href=\"mailto:prevention@francelyme.fr\">prevention@francelyme.fr<\/a><br \/><\/strong><\/p>\n<p>Tous les documents de pr\u00e9vention : <a href=\"https:\/\/francelyme.fr\/site\/prevention\/\">https:\/\/francelyme.fr\/site\/prevention\/<\/a><\/p>\n<p>Elle peut aussi \u00eatre affich\u00e9e sous forme de <span style=\"font-weight: bold;\">panneaux en lis\u00e8res de bois, de for\u00eats et dans les parcs<\/span> au frais des communes concern\u00e9es en vertu de l&rsquo;<a title=\"Legifrance - Code g\u00e9n\u00e9ral des collectivit\u00e9s territoriales\" href=\"http:\/\/www.legifrance.gouv.fr\/affichCodeArticle.do?idArticle=LEGIARTI000019983190&amp;cidTexte=LEGITEXT000006070633\" target=\"_blank\" rel=\"noopener noreferrer\">article L2212-2 5\u00b0 du Code G\u00e9n\u00e9ral des Collectivit\u00e9s Locales<\/a>. En effet, les maires sont autorit\u00e9 de police en mati\u00e8re d&rsquo;hygi\u00e8ne et de salubrit\u00e9 publique et ont pour devoir de pr\u00e9venir les \u00e9pid\u00e9mies pouvant se propager sur leur territoire. L&rsquo;apposition de panneaux de pr\u00e9vention entre pleinement dans leurs attributions.<br \/><strong>Nous invitons toute personne d&rsquo;une commune concern\u00e9e par la pr\u00e9sence de tiques susceptibles de transmettre la maladie de Lyme, \u00e0 \u00e9crire un courrier \u00e0 son maire pour apposer ces panneaux de pr\u00e9vention.<\/strong><\/p>\n<p>Merci de nous tenir au courant de ces actions, <span style=\"color: #4000ff;\"><a href=\"mailto:contact@francelyme.fr\">contact@francelyme.fr<\/a> <\/span><\/p>\n<p>ou par courrier<a href=\"https:\/\/francelyme.fr\/site\/contacter-france-lyme\/\"><span style=\"color: #4000ff;\"> https:\/\/francelyme.fr\/site\/contacter-france-lyme\/<\/span><\/a><\/p><div class=\"like-button\" style=\"float: right; clear: both; text-align: right; width = 100%;\">\n<!-- Facebook Like Button Vivacity Infotech BEGIN -->\n<div class=\"fb-like\" data-href=\"https:\/\/francelyme.fr\/site\/les-affiches-de-prevention-sont-disponibles\/\" data-layout=\"box_count\" data-action=\"like\" data-show-faces=\"false\" data-size=\"large\" data-width=\"450\" data-share=\"1\" ><\/div><\/div>\n<!-- Facebook Like Button Vivacity Infotech END -->\n","protected":false},"excerpt":{"rendered":"","protected":false},"author":1,"featured_media":2312,"comment_status":"closed","ping_status":"open","sticky":false,"template":"","format":"standard","meta":{"footnotes":""},"categories":[7,41,9],"tags":[],"class_list":["post-2427","post","type-post","status-publish","format-standard","has-post-thumbnail","hentry","category-actions","category-france-lyme","category-prevention"],"yoast_head":"<!-- This site is optimized with the Yoast SEO plugin v27.3 - https:\/\/yoast.com\/product\/yoast-seo-wordpress\/ -->\n<title>Les affiches de pr\u00e9vention sont disponibles ! - Association France Lyme<\/title>\n<meta name=\"robots\" content=\"index, follow, max-snippet:-1, max-image-preview:large, max-video-preview:-1\" \/>\n<link rel=\"canonical\" href=\"https:\/\/francelyme.fr\/site\/les-affiches-de-prevention-sont-disponibles\/\" \/>\n<meta property=\"og:locale\" content=\"fr_FR\" \/>\n<meta property=\"og:type\" content=\"article\" \/>\n<meta property=\"og:title\" content=\"Les affiches de pr\u00e9vention sont disponibles ! - Association France Lyme\" \/>\n<meta property=\"og:url\" content=\"https:\/\/francelyme.fr\/site\/les-affiches-de-prevention-sont-disponibles\/\" \/>\n<meta property=\"og:site_name\" content=\"Association France Lyme\" \/>\n<meta property=\"article:publisher\" content=\"https:\/\/www.facebook.com\/france.lyme\" \/>\n<meta property=\"article:published_time\" content=\"2014-01-30T09:22:52+00:00\" \/>\n<meta property=\"article:modified_time\" content=\"2019-11-15T18:25:48+00:00\" \/>\n<meta property=\"og:image\" content=\"https:\/\/francelyme.fr\/site\/wp-content\/uploads\/2014\/01\/apercu-affiche-cabinets.jpg\" \/>\n\t<meta property=\"og:image:width\" content=\"140\" \/>\n\t<meta property=\"og:image:height\" content=\"198\" \/>\n\t<meta property=\"og:image:type\" content=\"image\/jpeg\" \/>\n<meta name=\"author\" content=\"AdminFL\" \/>\n<meta name=\"twitter:card\" content=\"summary_large_image\" \/>\n<meta name=\"twitter:creator\" content=\"@francelyme\" \/>\n<meta name=\"twitter:site\" content=\"@francelyme\" \/>\n<meta name=\"twitter:label1\" content=\"\u00c9crit par\" \/>\n\t<meta name=\"twitter:data1\" content=\"AdminFL\" \/>\n\t<meta name=\"twitter:label2\" content=\"Dur\u00e9e de lecture estim\u00e9e\" \/>\n\t<meta name=\"twitter:data2\" content=\"1 minute\" \/>\n<script type=\"application\/ld+json\" class=\"yoast-schema-graph\">{\"@context\":\"https:\\\/\\\/schema.org\",\"@graph\":[{\"@type\":\"Article\",\"@id\":\"https:\\\/\\\/francelyme.fr\\\/site\\\/les-affiches-de-prevention-sont-disponibles\\\/#article\",\"isPartOf\":{\"@id\":\"https:\\\/\\\/francelyme.fr\\\/site\\\/les-affiches-de-prevention-sont-disponibles\\\/\"},\"author\":{\"name\":\"AdminFL\",\"@id\":\"https:\\\/\\\/francelyme.fr\\\/site\\\/#\\\/schema\\\/person\\\/1a2c2689f69ecd6062cfac7d4b12f265\"},\"headline\":\"Les affiches de pr\u00e9vention sont disponibles !\",\"datePublished\":\"2014-01-30T09:22:52+00:00\",\"dateModified\":\"2019-11-15T18:25:48+00:00\",\"mainEntityOfPage\":{\"@id\":\"https:\\\/\\\/francelyme.fr\\\/site\\\/les-affiches-de-prevention-sont-disponibles\\\/\"},\"wordCount\":231,\"publisher\":{\"@id\":\"https:\\\/\\\/francelyme.fr\\\/site\\\/#organization\"},\"image\":{\"@id\":\"https:\\\/\\\/francelyme.fr\\\/site\\\/les-affiches-de-prevention-sont-disponibles\\\/#primaryimage\"},\"thumbnailUrl\":\"https:\\\/\\\/francelyme.fr\\\/site\\\/wp-content\\\/uploads\\\/2014\\\/01\\\/apercu-affiche-cabinets.jpg\",\"articleSection\":[\"Actions et stands\",\"France Lyme\",\"Pr\u00e9vention\"],\"inLanguage\":\"fr-FR\"},{\"@type\":\"WebPage\",\"@id\":\"https:\\\/\\\/francelyme.fr\\\/site\\\/les-affiches-de-prevention-sont-disponibles\\\/\",\"url\":\"https:\\\/\\\/francelyme.fr\\\/site\\\/les-affiches-de-prevention-sont-disponibles\\\/\",\"name\":\"Les affiches de pr\u00e9vention sont disponibles ! - Association France Lyme\",\"isPartOf\":{\"@id\":\"https:\\\/\\\/francelyme.fr\\\/site\\\/#website\"},\"primaryImageOfPage\":{\"@id\":\"https:\\\/\\\/francelyme.fr\\\/site\\\/les-affiches-de-prevention-sont-disponibles\\\/#primaryimage\"},\"image\":{\"@id\":\"https:\\\/\\\/francelyme.fr\\\/site\\\/les-affiches-de-prevention-sont-disponibles\\\/#primaryimage\"},\"thumbnailUrl\":\"https:\\\/\\\/francelyme.fr\\\/site\\\/wp-content\\\/uploads\\\/2014\\\/01\\\/apercu-affiche-cabinets.jpg\",\"datePublished\":\"2014-01-30T09:22:52+00:00\",\"dateModified\":\"2019-11-15T18:25:48+00:00\",\"breadcrumb\":{\"@id\":\"https:\\\/\\\/francelyme.fr\\\/site\\\/les-affiches-de-prevention-sont-disponibles\\\/#breadcrumb\"},\"inLanguage\":\"fr-FR\",\"potentialAction\":[{\"@type\":\"ReadAction\",\"target\":[\"https:\\\/\\\/francelyme.fr\\\/site\\\/les-affiches-de-prevention-sont-disponibles\\\/\"]}]},{\"@type\":\"ImageObject\",\"inLanguage\":\"fr-FR\",\"@id\":\"https:\\\/\\\/francelyme.fr\\\/site\\\/les-affiches-de-prevention-sont-disponibles\\\/#primaryimage\",\"url\":\"https:\\\/\\\/francelyme.fr\\\/site\\\/wp-content\\\/uploads\\\/2014\\\/01\\\/apercu-affiche-cabinets.jpg\",\"contentUrl\":\"https:\\\/\\\/francelyme.fr\\\/site\\\/wp-content\\\/uploads\\\/2014\\\/01\\\/apercu-affiche-cabinets.jpg\",\"width\":140,\"height\":198,\"caption\":\"\"},{\"@type\":\"BreadcrumbList\",\"@id\":\"https:\\\/\\\/francelyme.fr\\\/site\\\/les-affiches-de-prevention-sont-disponibles\\\/#breadcrumb\",\"itemListElement\":[{\"@type\":\"ListItem\",\"position\":1,\"name\":\"Accueil\",\"item\":\"https:\\\/\\\/francelyme.fr\\\/site\\\/\"},{\"@type\":\"ListItem\",\"position\":2,\"name\":\"Les affiches de pr\u00e9vention sont disponibles !\"}]},{\"@type\":\"WebSite\",\"@id\":\"https:\\\/\\\/francelyme.fr\\\/site\\\/#website\",\"url\":\"https:\\\/\\\/francelyme.fr\\\/site\\\/\",\"name\":\"Association France Lyme\",\"description\":\"Association de lutte contre les maladies vectorielles \u00e0 tiques\",\"publisher\":{\"@id\":\"https:\\\/\\\/francelyme.fr\\\/site\\\/#organization\"},\"potentialAction\":[{\"@type\":\"SearchAction\",\"target\":{\"@type\":\"EntryPoint\",\"urlTemplate\":\"https:\\\/\\\/francelyme.fr\\\/site\\\/?s={search_term_string}\"},\"query-input\":{\"@type\":\"PropertyValueSpecification\",\"valueRequired\":true,\"valueName\":\"search_term_string\"}}],\"inLanguage\":\"fr-FR\"},{\"@type\":\"Organization\",\"@id\":\"https:\\\/\\\/francelyme.fr\\\/site\\\/#organization\",\"name\":\"France Lyme\",\"url\":\"https:\\\/\\\/francelyme.fr\\\/site\\\/\",\"logo\":{\"@type\":\"ImageObject\",\"inLanguage\":\"fr-FR\",\"@id\":\"https:\\\/\\\/francelyme.fr\\\/site\\\/#\\\/schema\\\/logo\\\/image\\\/\",\"url\":\"https:\\\/\\\/francelyme.fr\\\/site\\\/wp-content\\\/uploads\\\/2019\\\/05\\\/francelyme-site.gif\",\"contentUrl\":\"https:\\\/\\\/francelyme.fr\\\/site\\\/wp-content\\\/uploads\\\/2019\\\/05\\\/francelyme-site.gif\",\"width\":180,\"height\":180,\"caption\":\"France Lyme\"},\"image\":{\"@id\":\"https:\\\/\\\/francelyme.fr\\\/site\\\/#\\\/schema\\\/logo\\\/image\\\/\"},\"sameAs\":[\"https:\\\/\\\/www.facebook.com\\\/france.lyme\",\"https:\\\/\\\/x.com\\\/francelyme\",\"https:\\\/\\\/www.youtube.com\\\/channel\\\/UClMCGl3dvkz0iAgXFR1NH1A\"]},{\"@type\":\"Person\",\"@id\":\"https:\\\/\\\/francelyme.fr\\\/site\\\/#\\\/schema\\\/person\\\/1a2c2689f69ecd6062cfac7d4b12f265\",\"name\":\"AdminFL\",\"image\":{\"@type\":\"ImageObject\",\"inLanguage\":\"fr-FR\",\"@id\":\"https:\\\/\\\/secure.gravatar.com\\\/avatar\\\/4920874779d1914d5cba6d6dc7a2f20c832bb43238e659994a133a63cb03c29e?s=96&d=mm&r=g\",\"url\":\"https:\\\/\\\/secure.gravatar.com\\\/avatar\\\/4920874779d1914d5cba6d6dc7a2f20c832bb43238e659994a133a63cb03c29e?s=96&d=mm&r=g\",\"contentUrl\":\"https:\\\/\\\/secure.gravatar.com\\\/avatar\\\/4920874779d1914d5cba6d6dc7a2f20c832bb43238e659994a133a63cb03c29e?s=96&d=mm&r=g\",\"caption\":\"AdminFL\"},\"url\":\"https:\\\/\\\/francelyme.fr\\\/site\\\/author\\\/fralymadm\\\/\"}]}<\/script>\n<!-- \/ Yoast SEO plugin. -->","yoast_head_json":{"title":"Les affiches de pr\u00e9vention sont disponibles ! - Association France Lyme","robots":{"index":"index","follow":"follow","max-snippet":"max-snippet:-1","max-image-preview":"max-image-preview:large","max-video-preview":"max-video-preview:-1"},"canonical":"https:\/\/francelyme.fr\/site\/les-affiches-de-prevention-sont-disponibles\/","og_locale":"fr_FR","og_type":"article","og_title":"Les affiches de pr\u00e9vention sont disponibles ! - Association France Lyme","og_url":"https:\/\/francelyme.fr\/site\/les-affiches-de-prevention-sont-disponibles\/","og_site_name":"Association France Lyme","article_publisher":"https:\/\/www.facebook.com\/france.lyme","article_published_time":"2014-01-30T09:22:52+00:00","article_modified_time":"2019-11-15T18:25:48+00:00","og_image":[{"width":140,"height":198,"url":"https:\/\/francelyme.fr\/site\/wp-content\/uploads\/2014\/01\/apercu-affiche-cabinets.jpg","type":"image\/jpeg"}],"author":"AdminFL","twitter_card":"summary_large_image","twitter_creator":"@francelyme","twitter_site":"@francelyme","twitter_misc":{"\u00c9crit par":"AdminFL","Dur\u00e9e de lecture estim\u00e9e":"1 minute"},"schema":{"@context":"https:\/\/schema.org","@graph":[{"@type":"Article","@id":"https:\/\/francelyme.fr\/site\/les-affiches-de-prevention-sont-disponibles\/#article","isPartOf":{"@id":"https:\/\/francelyme.fr\/site\/les-affiches-de-prevention-sont-disponibles\/"},"author":{"name":"AdminFL","@id":"https:\/\/francelyme.fr\/site\/#\/schema\/person\/1a2c2689f69ecd6062cfac7d4b12f265"},"headline":"Les affiches de pr\u00e9vention sont disponibles !","datePublished":"2014-01-30T09:22:52+00:00","dateModified":"2019-11-15T18:25:48+00:00","mainEntityOfPage":{"@id":"https:\/\/francelyme.fr\/site\/les-affiches-de-prevention-sont-disponibles\/"},"wordCount":231,"publisher":{"@id":"https:\/\/francelyme.fr\/site\/#organization"},"image":{"@id":"https:\/\/francelyme.fr\/site\/les-affiches-de-prevention-sont-disponibles\/#primaryimage"},"thumbnailUrl":"https:\/\/francelyme.fr\/site\/wp-content\/uploads\/2014\/01\/apercu-affiche-cabinets.jpg","articleSection":["Actions et stands","France Lyme","Pr\u00e9vention"],"inLanguage":"fr-FR"},{"@type":"WebPage","@id":"https:\/\/francelyme.fr\/site\/les-affiches-de-prevention-sont-disponibles\/","url":"https:\/\/francelyme.fr\/site\/les-affiches-de-prevention-sont-disponibles\/","name":"Les affiches de pr\u00e9vention sont disponibles ! - Association France Lyme","isPartOf":{"@id":"https:\/\/francelyme.fr\/site\/#website"},"primaryImageOfPage":{"@id":"https:\/\/francelyme.fr\/site\/les-affiches-de-prevention-sont-disponibles\/#primaryimage"},"image":{"@id":"https:\/\/francelyme.fr\/site\/les-affiches-de-prevention-sont-disponibles\/#primaryimage"},"thumbnailUrl":"https:\/\/francelyme.fr\/site\/wp-content\/uploads\/2014\/01\/apercu-affiche-cabinets.jpg","datePublished":"2014-01-30T09:22:52+00:00","dateModified":"2019-11-15T18:25:48+00:00","breadcrumb":{"@id":"https:\/\/francelyme.fr\/site\/les-affiches-de-prevention-sont-disponibles\/#breadcrumb"},"inLanguage":"fr-FR","potentialAction":[{"@type":"ReadAction","target":["https:\/\/francelyme.fr\/site\/les-affiches-de-prevention-sont-disponibles\/"]}]},{"@type":"ImageObject","inLanguage":"fr-FR","@id":"https:\/\/francelyme.fr\/site\/les-affiches-de-prevention-sont-disponibles\/#primaryimage","url":"https:\/\/francelyme.fr\/site\/wp-content\/uploads\/2014\/01\/apercu-affiche-cabinets.jpg","contentUrl":"https:\/\/francelyme.fr\/site\/wp-content\/uploads\/2014\/01\/apercu-affiche-cabinets.jpg","width":140,"height":198,"caption":""},{"@type":"BreadcrumbList","@id":"https:\/\/francelyme.fr\/site\/les-affiches-de-prevention-sont-disponibles\/#breadcrumb","itemListElement":[{"@type":"ListItem","position":1,"name":"Accueil","item":"https:\/\/francelyme.fr\/site\/"},{"@type":"ListItem","position":2,"name":"Les affiches de pr\u00e9vention sont disponibles !"}]},{"@type":"WebSite","@id":"https:\/\/francelyme.fr\/site\/#website","url":"https:\/\/francelyme.fr\/site\/","name":"Association France Lyme","description":"Association de lutte contre les maladies vectorielles \u00e0 tiques","publisher":{"@id":"https:\/\/francelyme.fr\/site\/#organization"},"potentialAction":[{"@type":"SearchAction","target":{"@type":"EntryPoint","urlTemplate":"https:\/\/francelyme.fr\/site\/?s={search_term_string}"},"query-input":{"@type":"PropertyValueSpecification","valueRequired":true,"valueName":"search_term_string"}}],"inLanguage":"fr-FR"},{"@type":"Organization","@id":"https:\/\/francelyme.fr\/site\/#organization","name":"France Lyme","url":"https:\/\/francelyme.fr\/site\/","logo":{"@type":"ImageObject","inLanguage":"fr-FR","@id":"https:\/\/francelyme.fr\/site\/#\/schema\/logo\/image\/","url":"https:\/\/francelyme.fr\/site\/wp-content\/uploads\/2019\/05\/francelyme-site.gif","contentUrl":"https:\/\/francelyme.fr\/site\/wp-content\/uploads\/2019\/05\/francelyme-site.gif","width":180,"height":180,"caption":"France Lyme"},"image":{"@id":"https:\/\/francelyme.fr\/site\/#\/schema\/logo\/image\/"},"sameAs":["https:\/\/www.facebook.com\/france.lyme","https:\/\/x.com\/francelyme","https:\/\/www.youtube.com\/channel\/UClMCGl3dvkz0iAgXFR1NH1A"]},{"@type":"Person","@id":"https:\/\/francelyme.fr\/site\/#\/schema\/person\/1a2c2689f69ecd6062cfac7d4b12f265","name":"AdminFL","image":{"@type":"ImageObject","inLanguage":"fr-FR","@id":"https:\/\/secure.gravatar.com\/avatar\/4920874779d1914d5cba6d6dc7a2f20c832bb43238e659994a133a63cb03c29e?s=96&d=mm&r=g","url":"https:\/\/secure.gravatar.com\/avatar\/4920874779d1914d5cba6d6dc7a2f20c832bb43238e659994a133a63cb03c29e?s=96&d=mm&r=g","contentUrl":"https:\/\/secure.gravatar.com\/avatar\/4920874779d1914d5cba6d6dc7a2f20c832bb43238e659994a133a63cb03c29e?s=96&d=mm&r=g","caption":"AdminFL"},"url":"https:\/\/francelyme.fr\/site\/author\/fralymadm\/"}]}},"_links":{"self":[{"href":"https:\/\/francelyme.fr\/site\/wp-json\/wp\/v2\/posts\/2427","targetHints":{"allow":["GET"]}}],"collection":[{"href":"https:\/\/francelyme.fr\/site\/wp-json\/wp\/v2\/posts"}],"about":[{"href":"https:\/\/francelyme.fr\/site\/wp-json\/wp\/v2\/types\/post"}],"author":[{"embeddable":true,"href":"https:\/\/francelyme.fr\/site\/wp-json\/wp\/v2\/users\/1"}],"replies":[{"embeddable":true,"href":"https:\/\/francelyme.fr\/site\/wp-json\/wp\/v2\/comments?post=2427"}],"version-history":[{"count":1,"href":"https:\/\/francelyme.fr\/site\/wp-json\/wp\/v2\/posts\/2427\/revisions"}],"predecessor-version":[{"id":10347,"href":"https:\/\/francelyme.fr\/site\/wp-json\/wp\/v2\/posts\/2427\/revisions\/10347"}],"wp:featuredmedia":[{"embeddable":true,"href":"https:\/\/francelyme.fr\/site\/wp-json\/wp\/v2\/media\/2312"}],"wp:attachment":[{"href":"https:\/\/francelyme.fr\/site\/wp-json\/wp\/v2\/media?parent=2427"}],"wp:term":[{"taxonomy":"category","embeddable":true,"href":"https:\/\/francelyme.fr\/site\/wp-json\/wp\/v2\/categories?post=2427"},{"taxonomy":"post_tag","embeddable":true,"href":"https:\/\/francelyme.fr\/site\/wp-json\/wp\/v2\/tags?post=2427"}],"curies":[{"name":"wp","href":"https:\/\/api.w.org\/{rel}","templated":true}]}}