{"id":4507,"date":"2015-12-13T10:45:12","date_gmt":"2015-12-13T09:45:12","guid":{"rendered":"http:\/\/francelyme.fr\/?p=4507"},"modified":"2015-12-13T10:45:12","modified_gmt":"2015-12-13T09:45:12","slug":"annuaire-des-malades-rhone-alpes","status":"publish","type":"post","link":"https:\/\/francelyme.fr\/site\/annuaire-des-malades-rhone-alpes\/","title":{"rendered":"Annuaire \u00ab\u00a0Entraide Lyme\u00a0\u00bb Rh\u00f4ne-Alpes"},"content":{"rendered":"<div class=\"like-button\" style=\"float: right; clear: both; text-align: right; width = 100%;\">\n<!-- Facebook Like Button Vivacity Infotech BEGIN -->\n<div class=\"fb-like\" data-href=\"https:\/\/francelyme.fr\/site\/annuaire-des-malades-rhone-alpes\/\" data-layout=\"box_count\" data-action=\"like\" data-show-faces=\"false\" data-size=\"large\" data-width=\"450\" data-share=\"1\" ><\/div><\/div>\n<!-- Facebook Like Button Vivacity Infotech END -->\n<div id=\"fb-root\"><\/div>\n<p>\t\t\t\tUne adh\u00e9rente de l&rsquo;Is\u00e8re, No\u00e9mie, propose de cr\u00e9er un annuaire r\u00e9gional des adh\u00e9rents qui souhaitent entrer en contact direct avec d&rsquo;autres adh\u00e9rents, pour \u00e9changer par mail, t\u00e9l\u00e9phone, Skype, etc. et pourquoi pas se rencontrer r\u00e9guli\u00e8rement en petits groupes de malades \u00ab\u00a0voisins\u00a0\u00bb. Cette id\u00e9e vient du constat que beaucoup de malades veulent \u00e9changer avec d&rsquo;autres malades, mais sont isol\u00e9s, et ne peuvent pas forc\u00e9ment venir aux rencontres (probl\u00e8mes de disponibilit\u00e9, possibilit\u00e9 de d\u00e9placement&#8230;).<br \/>\nNous allons cr\u00e9er une liste des personnes qui acceptent (avec : nom, pr\u00e9nom, ville et code postal, n\u00b0 t\u00e9l\u00e9phone et\/ou adresse e-mail). Vos coordonn\u00e9es ne seront sur cette liste que si vous donnez votre accord. Cette liste sera diffus\u00e9e uniquement aux personnes qui seront sur la liste.<br \/>\n<b>Si vous souhaitez faire partie de cette liste et la recevoir ensuite, merci d&rsquo;\u00e9crire \u00e0 <a href=\"mailto:section.isere@francelyme.fr\">section.isere@francelyme.fr<\/a><\/b> en pr\u00e9cisant simplement votre Nom, Pr\u00e9nom, adresse et num\u00e9ro de t\u00e9l\u00e9phone si vous voulez le diffuser, la section transmettra ces informations \u00e0 la g\u00e9rante de l&rsquo;annuaire.<\/p>\n<p>&#8211; Avant le 20 d\u00e9cembre id\u00e9alement (une premi\u00e8re liste sera envoy\u00e9e \u00e0 ce moment l\u00e0 &#8230; au cas o\u00f9 vous vous d\u00e9placez durant les f\u00eates et que votre route croise celle d&rsquo;un autre malade)<br \/>\n&#8211; sinon, avant le 3 janvier (liste r\u00e9actualis\u00e9e avec les retardataires)<\/p>\n<p>Apr\u00e8s le 3 janvier, vous pourrez toujours vous manifester pour en faire partie, mais la liste ne sera r\u00e9actualis\u00e9e que tous les mois ou tous les deux mois.<\/p>\n<p>No\u00e9mie ajoute: \u00ab\u00a0j&rsquo;avais ce projet qui me trottait dans la t\u00eate depuis un moment, et je suis all\u00e9e dimanche 6 d\u00e9cembre \u00e0 la <a href=\"http:\/\/francelyme.fr\/mc-events\/rencontre-entre-malades-a-bernin-pres-de-grenoble\/\">rencontre de Bernin<\/a>, autour d&rsquo;un repas convivial, et anim\u00e9, durant lequel nous avons -aussi- beaucoup ri. Ces \u00e9changes m&rsquo;ont beaucoup apport\u00e9 et je suis tr\u00e8s contente de lancer ce petit projet. J&rsquo;ai le sentiment que nous rencontrer peut vraiment nous faire avancer individuellement et collectivement&#8230;.! \u00a0\u00bb\t\t<\/p>\n<div class=\"like-button\" style=\"float: right; clear: both; text-align: right; width = 100%;\">\n<!-- Facebook Like Button Vivacity Infotech BEGIN -->\n<div class=\"fb-like\" data-href=\"https:\/\/francelyme.fr\/site\/annuaire-des-malades-rhone-alpes\/\" data-layout=\"box_count\" data-action=\"like\" data-show-faces=\"false\" data-size=\"large\" data-width=\"450\" data-share=\"1\" ><\/div><\/div>\n<!-- Facebook Like Button Vivacity Infotech END -->\n","protected":false},"excerpt":{"rendered":"","protected":false},"author":1,"featured_media":1160,"comment_status":"closed","ping_status":"closed","sticky":false,"template":"","format":"standard","meta":{"footnotes":""},"categories":[60,48],"tags":[],"class_list":["post-4507","post","type-post","status-publish","format-standard","has-post-thumbnail","hentry","category-rencontres","category-rhone-alpes"],"yoast_head":"<!-- This site is optimized with the Yoast SEO plugin v27.3 - https:\/\/yoast.com\/product\/yoast-seo-wordpress\/ -->\n<title>Annuaire &quot;Entraide Lyme&quot; Rh\u00f4ne-Alpes - Association France Lyme<\/title>\n<meta name=\"robots\" content=\"index, follow, max-snippet:-1, max-image-preview:large, max-video-preview:-1\" \/>\n<link rel=\"canonical\" href=\"https:\/\/francelyme.fr\/site\/annuaire-des-malades-rhone-alpes\/\" \/>\n<meta property=\"og:locale\" content=\"fr_FR\" \/>\n<meta property=\"og:type\" content=\"article\" \/>\n<meta property=\"og:title\" content=\"Annuaire &quot;Entraide Lyme&quot; Rh\u00f4ne-Alpes - Association France Lyme\" \/>\n<meta property=\"og:url\" content=\"https:\/\/francelyme.fr\/site\/annuaire-des-malades-rhone-alpes\/\" \/>\n<meta property=\"og:site_name\" content=\"Association France Lyme\" \/>\n<meta property=\"article:publisher\" content=\"https:\/\/www.facebook.com\/france.lyme\" \/>\n<meta property=\"article:published_time\" content=\"2015-12-13T09:45:12+00:00\" \/>\n<meta property=\"og:image\" content=\"https:\/\/francelyme.fr\/site\/wp-content\/uploads\/2012\/09\/rencontre.jpg\" \/>\n\t<meta property=\"og:image:width\" content=\"300\" \/>\n\t<meta property=\"og:image:height\" content=\"276\" \/>\n\t<meta property=\"og:image:type\" content=\"image\/jpeg\" \/>\n<meta name=\"author\" content=\"AdminFL\" \/>\n<meta name=\"twitter:card\" content=\"summary_large_image\" \/>\n<meta name=\"twitter:creator\" content=\"@francelyme\" \/>\n<meta name=\"twitter:site\" content=\"@francelyme\" \/>\n<meta name=\"twitter:label1\" content=\"\u00c9crit par\" \/>\n\t<meta name=\"twitter:data1\" content=\"AdminFL\" \/>\n\t<meta name=\"twitter:label2\" content=\"Dur\u00e9e de lecture estim\u00e9e\" \/>\n\t<meta name=\"twitter:data2\" content=\"2 minutes\" \/>\n<script type=\"application\/ld+json\" class=\"yoast-schema-graph\">{\"@context\":\"https:\\\/\\\/schema.org\",\"@graph\":[{\"@type\":\"Article\",\"@id\":\"https:\\\/\\\/francelyme.fr\\\/site\\\/annuaire-des-malades-rhone-alpes\\\/#article\",\"isPartOf\":{\"@id\":\"https:\\\/\\\/francelyme.fr\\\/site\\\/annuaire-des-malades-rhone-alpes\\\/\"},\"author\":{\"name\":\"AdminFL\",\"@id\":\"https:\\\/\\\/francelyme.fr\\\/site\\\/#\\\/schema\\\/person\\\/1a2c2689f69ecd6062cfac7d4b12f265\"},\"headline\":\"Annuaire \u00ab\u00a0Entraide Lyme\u00a0\u00bb Rh\u00f4ne-Alpes\",\"datePublished\":\"2015-12-13T09:45:12+00:00\",\"mainEntityOfPage\":{\"@id\":\"https:\\\/\\\/francelyme.fr\\\/site\\\/annuaire-des-malades-rhone-alpes\\\/\"},\"wordCount\":355,\"publisher\":{\"@id\":\"https:\\\/\\\/francelyme.fr\\\/site\\\/#organization\"},\"image\":{\"@id\":\"https:\\\/\\\/francelyme.fr\\\/site\\\/annuaire-des-malades-rhone-alpes\\\/#primaryimage\"},\"thumbnailUrl\":\"https:\\\/\\\/francelyme.fr\\\/site\\\/wp-content\\\/uploads\\\/2012\\\/09\\\/rencontre.jpg\",\"articleSection\":[\"Rencontres\",\"Rh\u00f4ne-Alpes\"],\"inLanguage\":\"fr-FR\"},{\"@type\":\"WebPage\",\"@id\":\"https:\\\/\\\/francelyme.fr\\\/site\\\/annuaire-des-malades-rhone-alpes\\\/\",\"url\":\"https:\\\/\\\/francelyme.fr\\\/site\\\/annuaire-des-malades-rhone-alpes\\\/\",\"name\":\"Annuaire \\\"Entraide Lyme\\\" Rh\u00f4ne-Alpes - Association France Lyme\",\"isPartOf\":{\"@id\":\"https:\\\/\\\/francelyme.fr\\\/site\\\/#website\"},\"primaryImageOfPage\":{\"@id\":\"https:\\\/\\\/francelyme.fr\\\/site\\\/annuaire-des-malades-rhone-alpes\\\/#primaryimage\"},\"image\":{\"@id\":\"https:\\\/\\\/francelyme.fr\\\/site\\\/annuaire-des-malades-rhone-alpes\\\/#primaryimage\"},\"thumbnailUrl\":\"https:\\\/\\\/francelyme.fr\\\/site\\\/wp-content\\\/uploads\\\/2012\\\/09\\\/rencontre.jpg\",\"datePublished\":\"2015-12-13T09:45:12+00:00\",\"breadcrumb\":{\"@id\":\"https:\\\/\\\/francelyme.fr\\\/site\\\/annuaire-des-malades-rhone-alpes\\\/#breadcrumb\"},\"inLanguage\":\"fr-FR\",\"potentialAction\":[{\"@type\":\"ReadAction\",\"target\":[\"https:\\\/\\\/francelyme.fr\\\/site\\\/annuaire-des-malades-rhone-alpes\\\/\"]}]},{\"@type\":\"ImageObject\",\"inLanguage\":\"fr-FR\",\"@id\":\"https:\\\/\\\/francelyme.fr\\\/site\\\/annuaire-des-malades-rhone-alpes\\\/#primaryimage\",\"url\":\"https:\\\/\\\/francelyme.fr\\\/site\\\/wp-content\\\/uploads\\\/2012\\\/09\\\/rencontre.jpg\",\"contentUrl\":\"https:\\\/\\\/francelyme.fr\\\/site\\\/wp-content\\\/uploads\\\/2012\\\/09\\\/rencontre.jpg\",\"width\":300,\"height\":276,\"caption\":\"\"},{\"@type\":\"BreadcrumbList\",\"@id\":\"https:\\\/\\\/francelyme.fr\\\/site\\\/annuaire-des-malades-rhone-alpes\\\/#breadcrumb\",\"itemListElement\":[{\"@type\":\"ListItem\",\"position\":1,\"name\":\"Accueil\",\"item\":\"https:\\\/\\\/francelyme.fr\\\/site\\\/\"},{\"@type\":\"ListItem\",\"position\":2,\"name\":\"Annuaire &#8220;Entraide Lyme&#8221; Rh\u00f4ne-Alpes\"}]},{\"@type\":\"WebSite\",\"@id\":\"https:\\\/\\\/francelyme.fr\\\/site\\\/#website\",\"url\":\"https:\\\/\\\/francelyme.fr\\\/site\\\/\",\"name\":\"Association France Lyme\",\"description\":\"Association de lutte contre les maladies vectorielles \u00e0 tiques\",\"publisher\":{\"@id\":\"https:\\\/\\\/francelyme.fr\\\/site\\\/#organization\"},\"potentialAction\":[{\"@type\":\"SearchAction\",\"target\":{\"@type\":\"EntryPoint\",\"urlTemplate\":\"https:\\\/\\\/francelyme.fr\\\/site\\\/?s={search_term_string}\"},\"query-input\":{\"@type\":\"PropertyValueSpecification\",\"valueRequired\":true,\"valueName\":\"search_term_string\"}}],\"inLanguage\":\"fr-FR\"},{\"@type\":\"Organization\",\"@id\":\"https:\\\/\\\/francelyme.fr\\\/site\\\/#organization\",\"name\":\"France Lyme\",\"url\":\"https:\\\/\\\/francelyme.fr\\\/site\\\/\",\"logo\":{\"@type\":\"ImageObject\",\"inLanguage\":\"fr-FR\",\"@id\":\"https:\\\/\\\/francelyme.fr\\\/site\\\/#\\\/schema\\\/logo\\\/image\\\/\",\"url\":\"https:\\\/\\\/francelyme.fr\\\/site\\\/wp-content\\\/uploads\\\/2019\\\/05\\\/francelyme-site.gif\",\"contentUrl\":\"https:\\\/\\\/francelyme.fr\\\/site\\\/wp-content\\\/uploads\\\/2019\\\/05\\\/francelyme-site.gif\",\"width\":180,\"height\":180,\"caption\":\"France Lyme\"},\"image\":{\"@id\":\"https:\\\/\\\/francelyme.fr\\\/site\\\/#\\\/schema\\\/logo\\\/image\\\/\"},\"sameAs\":[\"https:\\\/\\\/www.facebook.com\\\/france.lyme\",\"https:\\\/\\\/x.com\\\/francelyme\",\"https:\\\/\\\/www.youtube.com\\\/channel\\\/UClMCGl3dvkz0iAgXFR1NH1A\"]},{\"@type\":\"Person\",\"@id\":\"https:\\\/\\\/francelyme.fr\\\/site\\\/#\\\/schema\\\/person\\\/1a2c2689f69ecd6062cfac7d4b12f265\",\"name\":\"AdminFL\",\"image\":{\"@type\":\"ImageObject\",\"inLanguage\":\"fr-FR\",\"@id\":\"https:\\\/\\\/secure.gravatar.com\\\/avatar\\\/4920874779d1914d5cba6d6dc7a2f20c832bb43238e659994a133a63cb03c29e?s=96&d=mm&r=g\",\"url\":\"https:\\\/\\\/secure.gravatar.com\\\/avatar\\\/4920874779d1914d5cba6d6dc7a2f20c832bb43238e659994a133a63cb03c29e?s=96&d=mm&r=g\",\"contentUrl\":\"https:\\\/\\\/secure.gravatar.com\\\/avatar\\\/4920874779d1914d5cba6d6dc7a2f20c832bb43238e659994a133a63cb03c29e?s=96&d=mm&r=g\",\"caption\":\"AdminFL\"},\"url\":\"https:\\\/\\\/francelyme.fr\\\/site\\\/author\\\/fralymadm\\\/\"}]}<\/script>\n<!-- \/ Yoast SEO plugin. -->","yoast_head_json":{"title":"Annuaire \"Entraide Lyme\" Rh\u00f4ne-Alpes - Association France Lyme","robots":{"index":"index","follow":"follow","max-snippet":"max-snippet:-1","max-image-preview":"max-image-preview:large","max-video-preview":"max-video-preview:-1"},"canonical":"https:\/\/francelyme.fr\/site\/annuaire-des-malades-rhone-alpes\/","og_locale":"fr_FR","og_type":"article","og_title":"Annuaire \"Entraide Lyme\" Rh\u00f4ne-Alpes - Association France Lyme","og_url":"https:\/\/francelyme.fr\/site\/annuaire-des-malades-rhone-alpes\/","og_site_name":"Association France Lyme","article_publisher":"https:\/\/www.facebook.com\/france.lyme","article_published_time":"2015-12-13T09:45:12+00:00","og_image":[{"width":300,"height":276,"url":"https:\/\/francelyme.fr\/site\/wp-content\/uploads\/2012\/09\/rencontre.jpg","type":"image\/jpeg"}],"author":"AdminFL","twitter_card":"summary_large_image","twitter_creator":"@francelyme","twitter_site":"@francelyme","twitter_misc":{"\u00c9crit par":"AdminFL","Dur\u00e9e de lecture estim\u00e9e":"2 minutes"},"schema":{"@context":"https:\/\/schema.org","@graph":[{"@type":"Article","@id":"https:\/\/francelyme.fr\/site\/annuaire-des-malades-rhone-alpes\/#article","isPartOf":{"@id":"https:\/\/francelyme.fr\/site\/annuaire-des-malades-rhone-alpes\/"},"author":{"name":"AdminFL","@id":"https:\/\/francelyme.fr\/site\/#\/schema\/person\/1a2c2689f69ecd6062cfac7d4b12f265"},"headline":"Annuaire \u00ab\u00a0Entraide Lyme\u00a0\u00bb Rh\u00f4ne-Alpes","datePublished":"2015-12-13T09:45:12+00:00","mainEntityOfPage":{"@id":"https:\/\/francelyme.fr\/site\/annuaire-des-malades-rhone-alpes\/"},"wordCount":355,"publisher":{"@id":"https:\/\/francelyme.fr\/site\/#organization"},"image":{"@id":"https:\/\/francelyme.fr\/site\/annuaire-des-malades-rhone-alpes\/#primaryimage"},"thumbnailUrl":"https:\/\/francelyme.fr\/site\/wp-content\/uploads\/2012\/09\/rencontre.jpg","articleSection":["Rencontres","Rh\u00f4ne-Alpes"],"inLanguage":"fr-FR"},{"@type":"WebPage","@id":"https:\/\/francelyme.fr\/site\/annuaire-des-malades-rhone-alpes\/","url":"https:\/\/francelyme.fr\/site\/annuaire-des-malades-rhone-alpes\/","name":"Annuaire \"Entraide Lyme\" Rh\u00f4ne-Alpes - Association France Lyme","isPartOf":{"@id":"https:\/\/francelyme.fr\/site\/#website"},"primaryImageOfPage":{"@id":"https:\/\/francelyme.fr\/site\/annuaire-des-malades-rhone-alpes\/#primaryimage"},"image":{"@id":"https:\/\/francelyme.fr\/site\/annuaire-des-malades-rhone-alpes\/#primaryimage"},"thumbnailUrl":"https:\/\/francelyme.fr\/site\/wp-content\/uploads\/2012\/09\/rencontre.jpg","datePublished":"2015-12-13T09:45:12+00:00","breadcrumb":{"@id":"https:\/\/francelyme.fr\/site\/annuaire-des-malades-rhone-alpes\/#breadcrumb"},"inLanguage":"fr-FR","potentialAction":[{"@type":"ReadAction","target":["https:\/\/francelyme.fr\/site\/annuaire-des-malades-rhone-alpes\/"]}]},{"@type":"ImageObject","inLanguage":"fr-FR","@id":"https:\/\/francelyme.fr\/site\/annuaire-des-malades-rhone-alpes\/#primaryimage","url":"https:\/\/francelyme.fr\/site\/wp-content\/uploads\/2012\/09\/rencontre.jpg","contentUrl":"https:\/\/francelyme.fr\/site\/wp-content\/uploads\/2012\/09\/rencontre.jpg","width":300,"height":276,"caption":""},{"@type":"BreadcrumbList","@id":"https:\/\/francelyme.fr\/site\/annuaire-des-malades-rhone-alpes\/#breadcrumb","itemListElement":[{"@type":"ListItem","position":1,"name":"Accueil","item":"https:\/\/francelyme.fr\/site\/"},{"@type":"ListItem","position":2,"name":"Annuaire &#8220;Entraide Lyme&#8221; Rh\u00f4ne-Alpes"}]},{"@type":"WebSite","@id":"https:\/\/francelyme.fr\/site\/#website","url":"https:\/\/francelyme.fr\/site\/","name":"Association France Lyme","description":"Association de lutte contre les maladies vectorielles \u00e0 tiques","publisher":{"@id":"https:\/\/francelyme.fr\/site\/#organization"},"potentialAction":[{"@type":"SearchAction","target":{"@type":"EntryPoint","urlTemplate":"https:\/\/francelyme.fr\/site\/?s={search_term_string}"},"query-input":{"@type":"PropertyValueSpecification","valueRequired":true,"valueName":"search_term_string"}}],"inLanguage":"fr-FR"},{"@type":"Organization","@id":"https:\/\/francelyme.fr\/site\/#organization","name":"France Lyme","url":"https:\/\/francelyme.fr\/site\/","logo":{"@type":"ImageObject","inLanguage":"fr-FR","@id":"https:\/\/francelyme.fr\/site\/#\/schema\/logo\/image\/","url":"https:\/\/francelyme.fr\/site\/wp-content\/uploads\/2019\/05\/francelyme-site.gif","contentUrl":"https:\/\/francelyme.fr\/site\/wp-content\/uploads\/2019\/05\/francelyme-site.gif","width":180,"height":180,"caption":"France Lyme"},"image":{"@id":"https:\/\/francelyme.fr\/site\/#\/schema\/logo\/image\/"},"sameAs":["https:\/\/www.facebook.com\/france.lyme","https:\/\/x.com\/francelyme","https:\/\/www.youtube.com\/channel\/UClMCGl3dvkz0iAgXFR1NH1A"]},{"@type":"Person","@id":"https:\/\/francelyme.fr\/site\/#\/schema\/person\/1a2c2689f69ecd6062cfac7d4b12f265","name":"AdminFL","image":{"@type":"ImageObject","inLanguage":"fr-FR","@id":"https:\/\/secure.gravatar.com\/avatar\/4920874779d1914d5cba6d6dc7a2f20c832bb43238e659994a133a63cb03c29e?s=96&d=mm&r=g","url":"https:\/\/secure.gravatar.com\/avatar\/4920874779d1914d5cba6d6dc7a2f20c832bb43238e659994a133a63cb03c29e?s=96&d=mm&r=g","contentUrl":"https:\/\/secure.gravatar.com\/avatar\/4920874779d1914d5cba6d6dc7a2f20c832bb43238e659994a133a63cb03c29e?s=96&d=mm&r=g","caption":"AdminFL"},"url":"https:\/\/francelyme.fr\/site\/author\/fralymadm\/"}]}},"_links":{"self":[{"href":"https:\/\/francelyme.fr\/site\/wp-json\/wp\/v2\/posts\/4507","targetHints":{"allow":["GET"]}}],"collection":[{"href":"https:\/\/francelyme.fr\/site\/wp-json\/wp\/v2\/posts"}],"about":[{"href":"https:\/\/francelyme.fr\/site\/wp-json\/wp\/v2\/types\/post"}],"author":[{"embeddable":true,"href":"https:\/\/francelyme.fr\/site\/wp-json\/wp\/v2\/users\/1"}],"replies":[{"embeddable":true,"href":"https:\/\/francelyme.fr\/site\/wp-json\/wp\/v2\/comments?post=4507"}],"version-history":[{"count":0,"href":"https:\/\/francelyme.fr\/site\/wp-json\/wp\/v2\/posts\/4507\/revisions"}],"wp:featuredmedia":[{"embeddable":true,"href":"https:\/\/francelyme.fr\/site\/wp-json\/wp\/v2\/media\/1160"}],"wp:attachment":[{"href":"https:\/\/francelyme.fr\/site\/wp-json\/wp\/v2\/media?parent=4507"}],"wp:term":[{"taxonomy":"category","embeddable":true,"href":"https:\/\/francelyme.fr\/site\/wp-json\/wp\/v2\/categories?post=4507"},{"taxonomy":"post_tag","embeddable":true,"href":"https:\/\/francelyme.fr\/site\/wp-json\/wp\/v2\/tags?post=4507"}],"curies":[{"name":"wp","href":"https:\/\/api.w.org\/{rel}","templated":true}]}}