{"id":5143,"date":"2016-06-17T15:24:24","date_gmt":"2016-06-17T13:24:24","guid":{"rendered":"http:\/\/francelyme.fr\/?p=5143"},"modified":"2016-06-17T15:24:24","modified_gmt":"2016-06-17T13:24:24","slug":"rencontre-a-st-marcelin-isere-26-juin-2016","status":"publish","type":"post","link":"https:\/\/francelyme.fr\/site\/rencontre-a-st-marcelin-isere-26-juin-2016\/","title":{"rendered":"Rencontre \u00e0 St Marcelin (Is\u00e8re), 26 juin 2016"},"content":{"rendered":"<div class=\"like-button\" style=\"float: right; clear: both; text-align: right; width = 100%;\">\n<!-- Facebook Like Button Vivacity Infotech BEGIN -->\n<div class=\"fb-like\" data-href=\"https:\/\/francelyme.fr\/site\/rencontre-a-st-marcelin-isere-26-juin-2016\/\" data-layout=\"box_count\" data-action=\"like\" data-show-faces=\"false\" data-size=\"large\" data-width=\"450\" data-share=\"1\" ><\/div><\/div>\n<!-- Facebook Like Button Vivacity Infotech END -->\n<div id=\"fb-root\"><\/div>\n<div class=\"_1dwg _1w_m\">\n<div id=\"js_ar\" class=\"_5pbx userContent\" data-ft=\"{&quot;tn&quot;:&quot;K&quot;}\">\n<div id=\"id_5763f94d811502b65525672\" class=\"text_exposed_root text_exposed\">\n<p><strong>Prochaine rencontre en Is\u00e8re, le 26 juin \u00e0 saint Marcelin !<\/strong><\/p>\n<p>A 15h \u00e0 l&rsquo;espace Saint-Laurent (pour finir vers 17h30 environ), dans une salle dans un petit parc.<br \/>\n(1 boulevard du champs de mars 38160 Saint Marcellin &#8211; entre Grenoble et Valence acc\u00e8s par l&rsquo;autoroute-)<br \/>\nPour des raisons d&rsquo;assurance, cette rencontre est r\u00e9serv\u00e9e aux adh\u00e9rents, possibilit\u00e9 d&rsquo;adh\u00e9rer en ligne avec diff\u00e9rents prix en fonction de vos finances-<span class=\"text_exposed_show\"><br \/>\n<a href=\"http:\/\/francelyme.fr\/agir\/adherer\/\" target=\"_blank\" rel=\"nofollow noopener noreferrer\">http:\/\/francelyme.fr\/agir\/adherer\/<\/a><\/span><\/p>\n<div class=\"text_exposed_show\">\n<p>Au programme : \u00e9changes, discussions, go\u00fbter, petits jeux pour faire connaissance.<\/p>\n<p><strong>En raison du nombre de places limit\u00e9, je vous invite \u00e0 m&rsquo;indiquer votre venue le plus t\u00f4t possible, avec le nombre de personnes qui viendront, et si vous recherchez ou proposez un transport; dans tous les cas avant le jeudi 23 juin \u00e0 12h.<\/strong><br \/>\n<strong> Contact: section.isere@francelyme.fr<\/strong><\/p>\n<p>No\u00e9mie, b\u00e9n\u00e9vole section Is\u00e8re<\/p>\n<\/div>\n<\/div>\n<div class=\"_5wpt\"><\/div>\n<\/div>\n<div class=\"_3x-2\">\n<div data-ft=\"{&quot;tn&quot;:&quot;H&quot;}\">\n<div class=\"mtm\">\n<div class=\"_5cq3\" data-ft=\"{&quot;tn&quot;:&quot;E&quot;}\">\n<div id=\"u_jsonp_24_17\" class=\"uiScaledImageContainer _4-ep\"><img loading=\"lazy\" decoding=\"async\" class=\"scaledImageFitWidth img\" src=\"https:\/\/scontent-cdg2-1.xx.fbcdn.net\/v\/t1.0-0\/s480x480\/13406711_1282632141761871_587778898994408618_n.jpg?oh=d4eaf3e1671f873cdde42d31b9aa4953&amp;oe=57D6EB7A\" alt=\"Photo de France Lyme.\" width=\"470\" height=\"361\" \/><\/div>\n<\/div>\n<\/div>\n<\/div>\n<\/div>\n<\/div>\n<p>&nbsp;<\/p>\n<div id=\"u_jsonp_24_1e\" class=\"uiUfi UFIContainer _5pc9 _5vsj _5v9k\">\n<div class=\"UFIList\" data-reactroot=\"\"><br class=\"_p\" \/><\/p>\n<div id=\"addComment_1282632141761871\" class=\"UFIRow _4oep UFIAddComment UFIAddCommentWithPhotoAttacher\" data-ft=\"{&quot;tn&quot;:&quot;[&quot;}\">\n<div class=\"UFICommentContent\">\n<div class=\"UFITranslatedText\"><\/div>\n<\/div>\n<\/div>\n<\/div>\n<\/div>\n<div class=\"_4-u2 _4-u8\">\n<div class=\"_427x\">\n<div id=\"u_jsonp_24_p\" class=\"_4-u2 mbm _5jmm _5pat _5v3q _4-u8\" data-ft=\"{&quot;top_level_post_id&quot;:&quot;1282607901764295&quot;,&quot;tl_objid&quot;:&quot;1282607901764295&quot;,&quot;fbfeed_location&quot;:36}\">\n<div id=\"u_jsonp_24_r\" class=\"_3ccb\" data-gt=\"{&quot;type&quot;:&quot;click2canvas&quot;,&quot;fbsource&quot;:703,&quot;ref&quot;:&quot;nf_generic&quot;}\">\n<div class=\"userContentWrapper _5pcr\">\n<div>\n<div id=\"u_jsonp_24_1b\" class=\"uiUfi UFIContainer _5pc9 _5vsj _5v9k\">\n<div class=\"UFIList\" data-reactroot=\"\">\n<div>\n<div class=\"UFIRow _48ph UFILastCommentComponent _2o9m UFIComment _4oep\" data-ft=\"{&quot;tn&quot;:&quot;R&quot;}\">\n<div class=\"clearfix\">\n<div class=\"\">\n<div class=\"UFIImageBlockContent _42ef clearfix\">\n<div class=\"\">\n<div class=\"_khz\"><br class=\"UFILikeLink\" title=\"J\u2019aime ce commentaire\" data-testid=\"ufi_comment_like_link\" data-ft=\"{&quot;tn&quot;:&quot;&gt;&quot;}\" \/><\/p>\n<div class=\"_2r6l accessible_elem\"><\/div>\n<\/div>\n<\/div>\n<\/div>\n<\/div>\n<\/div>\n<\/div>\n<\/div>\n<\/div>\n<\/div>\n<\/div>\n<\/div>\n<\/div>\n<\/div>\n<\/div>\n<\/div>\n<div class=\"_39m\" data-reaction=\"2\"><\/div>\n<div class=\"_39m\" data-reaction=\"4\"><\/div>\n<div class=\"_39m\" data-reaction=\"3\"><\/div>\n<div class=\"_39m\" data-reaction=\"7\"><\/div>\n<div class=\"_39m\" data-reaction=\"8\"><\/div>\n<div class=\"_sa_ _5vsi _ca7 _192z\">\n<div class=\"_37uu\">\n<div data-reactroot=\"\">\n<div class=\"_3399 _a7s clearfix\">\n<div class=\"_524d\">\n<div class=\"_42nr\">\n<div class=\"comment_link _5yxe\" title=\"Laisser un commentaire\" data-ft=\"{ &quot;tn&quot;: &quot;S&quot;, &quot;type&quot;: 24 }\"><\/div>\n<\/div>\n<\/div>\n<\/div>\n<\/div>\n<\/div>\n<\/div>\n<div class=\"like-button\" style=\"float: right; clear: both; text-align: right; width = 100%;\">\n<!-- Facebook Like Button Vivacity Infotech BEGIN -->\n<div class=\"fb-like\" data-href=\"https:\/\/francelyme.fr\/site\/rencontre-a-st-marcelin-isere-26-juin-2016\/\" data-layout=\"box_count\" data-action=\"like\" data-show-faces=\"false\" data-size=\"large\" data-width=\"450\" data-share=\"1\" ><\/div><\/div>\n<!-- Facebook Like Button Vivacity Infotech END -->\n","protected":false},"excerpt":{"rendered":"","protected":false},"author":1,"featured_media":5144,"comment_status":"closed","ping_status":"closed","sticky":false,"template":"","format":"standard","meta":{"footnotes":""},"categories":[38,41,60,48],"tags":[63],"class_list":["post-5143","post","type-post","status-publish","format-standard","has-post-thumbnail","hentry","category-en-regions","category-france-lyme","category-rencontres","category-rhone-alpes","tag-rencontre"],"yoast_head":"<!-- This site is optimized with the Yoast SEO plugin v27.3 - https:\/\/yoast.com\/product\/yoast-seo-wordpress\/ -->\n<title>Rencontre \u00e0 St Marcelin (Is\u00e8re), 26 juin 2016 - Association France Lyme<\/title>\n<meta name=\"robots\" content=\"index, follow, max-snippet:-1, max-image-preview:large, max-video-preview:-1\" \/>\n<link rel=\"canonical\" href=\"https:\/\/francelyme.fr\/site\/rencontre-a-st-marcelin-isere-26-juin-2016\/\" \/>\n<meta property=\"og:locale\" content=\"fr_FR\" \/>\n<meta property=\"og:type\" content=\"article\" \/>\n<meta property=\"og:title\" content=\"Rencontre \u00e0 St Marcelin (Is\u00e8re), 26 juin 2016 - Association France Lyme\" \/>\n<meta property=\"og:url\" content=\"https:\/\/francelyme.fr\/site\/rencontre-a-st-marcelin-isere-26-juin-2016\/\" \/>\n<meta property=\"og:site_name\" content=\"Association France Lyme\" \/>\n<meta property=\"article:publisher\" content=\"https:\/\/www.facebook.com\/france.lyme\" \/>\n<meta property=\"article:published_time\" content=\"2016-06-17T13:24:24+00:00\" \/>\n<meta property=\"og:image\" content=\"https:\/\/francelyme.fr\/site\/wp-content\/uploads\/2016\/06\/13406711_1282632141761871_587778898994408618_n.jpg\" \/>\n\t<meta property=\"og:image:width\" content=\"480\" \/>\n\t<meta property=\"og:image:height\" content=\"368\" \/>\n\t<meta property=\"og:image:type\" content=\"image\/jpeg\" \/>\n<meta name=\"author\" content=\"AdminFL\" \/>\n<meta name=\"twitter:card\" content=\"summary_large_image\" \/>\n<meta name=\"twitter:creator\" content=\"@francelyme\" \/>\n<meta name=\"twitter:site\" content=\"@francelyme\" \/>\n<meta name=\"twitter:label1\" content=\"\u00c9crit par\" \/>\n\t<meta name=\"twitter:data1\" content=\"AdminFL\" \/>\n\t<meta name=\"twitter:label2\" content=\"Dur\u00e9e de lecture estim\u00e9e\" \/>\n\t<meta name=\"twitter:data2\" content=\"1 minute\" \/>\n<script type=\"application\/ld+json\" class=\"yoast-schema-graph\">{\"@context\":\"https:\\\/\\\/schema.org\",\"@graph\":[{\"@type\":\"Article\",\"@id\":\"https:\\\/\\\/francelyme.fr\\\/site\\\/rencontre-a-st-marcelin-isere-26-juin-2016\\\/#article\",\"isPartOf\":{\"@id\":\"https:\\\/\\\/francelyme.fr\\\/site\\\/rencontre-a-st-marcelin-isere-26-juin-2016\\\/\"},\"author\":{\"name\":\"AdminFL\",\"@id\":\"https:\\\/\\\/francelyme.fr\\\/site\\\/#\\\/schema\\\/person\\\/1a2c2689f69ecd6062cfac7d4b12f265\"},\"headline\":\"Rencontre \u00e0 St Marcelin (Is\u00e8re), 26 juin 2016\",\"datePublished\":\"2016-06-17T13:24:24+00:00\",\"mainEntityOfPage\":{\"@id\":\"https:\\\/\\\/francelyme.fr\\\/site\\\/rencontre-a-st-marcelin-isere-26-juin-2016\\\/\"},\"wordCount\":151,\"publisher\":{\"@id\":\"https:\\\/\\\/francelyme.fr\\\/site\\\/#organization\"},\"image\":{\"@id\":\"https:\\\/\\\/francelyme.fr\\\/site\\\/rencontre-a-st-marcelin-isere-26-juin-2016\\\/#primaryimage\"},\"thumbnailUrl\":\"https:\\\/\\\/francelyme.fr\\\/site\\\/wp-content\\\/uploads\\\/2016\\\/06\\\/13406711_1282632141761871_587778898994408618_n.jpg\",\"keywords\":[\"Rencontres\"],\"articleSection\":[\"En r\u00e9gions\",\"France Lyme\",\"Rencontres\",\"Rh\u00f4ne-Alpes\"],\"inLanguage\":\"fr-FR\"},{\"@type\":\"WebPage\",\"@id\":\"https:\\\/\\\/francelyme.fr\\\/site\\\/rencontre-a-st-marcelin-isere-26-juin-2016\\\/\",\"url\":\"https:\\\/\\\/francelyme.fr\\\/site\\\/rencontre-a-st-marcelin-isere-26-juin-2016\\\/\",\"name\":\"Rencontre \u00e0 St Marcelin (Is\u00e8re), 26 juin 2016 - Association France Lyme\",\"isPartOf\":{\"@id\":\"https:\\\/\\\/francelyme.fr\\\/site\\\/#website\"},\"primaryImageOfPage\":{\"@id\":\"https:\\\/\\\/francelyme.fr\\\/site\\\/rencontre-a-st-marcelin-isere-26-juin-2016\\\/#primaryimage\"},\"image\":{\"@id\":\"https:\\\/\\\/francelyme.fr\\\/site\\\/rencontre-a-st-marcelin-isere-26-juin-2016\\\/#primaryimage\"},\"thumbnailUrl\":\"https:\\\/\\\/francelyme.fr\\\/site\\\/wp-content\\\/uploads\\\/2016\\\/06\\\/13406711_1282632141761871_587778898994408618_n.jpg\",\"datePublished\":\"2016-06-17T13:24:24+00:00\",\"breadcrumb\":{\"@id\":\"https:\\\/\\\/francelyme.fr\\\/site\\\/rencontre-a-st-marcelin-isere-26-juin-2016\\\/#breadcrumb\"},\"inLanguage\":\"fr-FR\",\"potentialAction\":[{\"@type\":\"ReadAction\",\"target\":[\"https:\\\/\\\/francelyme.fr\\\/site\\\/rencontre-a-st-marcelin-isere-26-juin-2016\\\/\"]}]},{\"@type\":\"ImageObject\",\"inLanguage\":\"fr-FR\",\"@id\":\"https:\\\/\\\/francelyme.fr\\\/site\\\/rencontre-a-st-marcelin-isere-26-juin-2016\\\/#primaryimage\",\"url\":\"https:\\\/\\\/francelyme.fr\\\/site\\\/wp-content\\\/uploads\\\/2016\\\/06\\\/13406711_1282632141761871_587778898994408618_n.jpg\",\"contentUrl\":\"https:\\\/\\\/francelyme.fr\\\/site\\\/wp-content\\\/uploads\\\/2016\\\/06\\\/13406711_1282632141761871_587778898994408618_n.jpg\",\"width\":480,\"height\":368,\"caption\":\"\"},{\"@type\":\"BreadcrumbList\",\"@id\":\"https:\\\/\\\/francelyme.fr\\\/site\\\/rencontre-a-st-marcelin-isere-26-juin-2016\\\/#breadcrumb\",\"itemListElement\":[{\"@type\":\"ListItem\",\"position\":1,\"name\":\"Accueil\",\"item\":\"https:\\\/\\\/francelyme.fr\\\/site\\\/\"},{\"@type\":\"ListItem\",\"position\":2,\"name\":\"Rencontre \u00e0 St Marcelin (Is\u00e8re), 26 juin 2016\"}]},{\"@type\":\"WebSite\",\"@id\":\"https:\\\/\\\/francelyme.fr\\\/site\\\/#website\",\"url\":\"https:\\\/\\\/francelyme.fr\\\/site\\\/\",\"name\":\"Association France Lyme\",\"description\":\"Association de lutte contre les maladies vectorielles \u00e0 tiques\",\"publisher\":{\"@id\":\"https:\\\/\\\/francelyme.fr\\\/site\\\/#organization\"},\"potentialAction\":[{\"@type\":\"SearchAction\",\"target\":{\"@type\":\"EntryPoint\",\"urlTemplate\":\"https:\\\/\\\/francelyme.fr\\\/site\\\/?s={search_term_string}\"},\"query-input\":{\"@type\":\"PropertyValueSpecification\",\"valueRequired\":true,\"valueName\":\"search_term_string\"}}],\"inLanguage\":\"fr-FR\"},{\"@type\":\"Organization\",\"@id\":\"https:\\\/\\\/francelyme.fr\\\/site\\\/#organization\",\"name\":\"France Lyme\",\"url\":\"https:\\\/\\\/francelyme.fr\\\/site\\\/\",\"logo\":{\"@type\":\"ImageObject\",\"inLanguage\":\"fr-FR\",\"@id\":\"https:\\\/\\\/francelyme.fr\\\/site\\\/#\\\/schema\\\/logo\\\/image\\\/\",\"url\":\"https:\\\/\\\/francelyme.fr\\\/site\\\/wp-content\\\/uploads\\\/2019\\\/05\\\/francelyme-site.gif\",\"contentUrl\":\"https:\\\/\\\/francelyme.fr\\\/site\\\/wp-content\\\/uploads\\\/2019\\\/05\\\/francelyme-site.gif\",\"width\":180,\"height\":180,\"caption\":\"France Lyme\"},\"image\":{\"@id\":\"https:\\\/\\\/francelyme.fr\\\/site\\\/#\\\/schema\\\/logo\\\/image\\\/\"},\"sameAs\":[\"https:\\\/\\\/www.facebook.com\\\/france.lyme\",\"https:\\\/\\\/x.com\\\/francelyme\",\"https:\\\/\\\/www.youtube.com\\\/channel\\\/UClMCGl3dvkz0iAgXFR1NH1A\"]},{\"@type\":\"Person\",\"@id\":\"https:\\\/\\\/francelyme.fr\\\/site\\\/#\\\/schema\\\/person\\\/1a2c2689f69ecd6062cfac7d4b12f265\",\"name\":\"AdminFL\",\"image\":{\"@type\":\"ImageObject\",\"inLanguage\":\"fr-FR\",\"@id\":\"https:\\\/\\\/secure.gravatar.com\\\/avatar\\\/4920874779d1914d5cba6d6dc7a2f20c832bb43238e659994a133a63cb03c29e?s=96&d=mm&r=g\",\"url\":\"https:\\\/\\\/secure.gravatar.com\\\/avatar\\\/4920874779d1914d5cba6d6dc7a2f20c832bb43238e659994a133a63cb03c29e?s=96&d=mm&r=g\",\"contentUrl\":\"https:\\\/\\\/secure.gravatar.com\\\/avatar\\\/4920874779d1914d5cba6d6dc7a2f20c832bb43238e659994a133a63cb03c29e?s=96&d=mm&r=g\",\"caption\":\"AdminFL\"},\"url\":\"https:\\\/\\\/francelyme.fr\\\/site\\\/author\\\/fralymadm\\\/\"}]}<\/script>\n<!-- \/ Yoast SEO plugin. -->","yoast_head_json":{"title":"Rencontre \u00e0 St Marcelin (Is\u00e8re), 26 juin 2016 - Association France Lyme","robots":{"index":"index","follow":"follow","max-snippet":"max-snippet:-1","max-image-preview":"max-image-preview:large","max-video-preview":"max-video-preview:-1"},"canonical":"https:\/\/francelyme.fr\/site\/rencontre-a-st-marcelin-isere-26-juin-2016\/","og_locale":"fr_FR","og_type":"article","og_title":"Rencontre \u00e0 St Marcelin (Is\u00e8re), 26 juin 2016 - Association France Lyme","og_url":"https:\/\/francelyme.fr\/site\/rencontre-a-st-marcelin-isere-26-juin-2016\/","og_site_name":"Association France Lyme","article_publisher":"https:\/\/www.facebook.com\/france.lyme","article_published_time":"2016-06-17T13:24:24+00:00","og_image":[{"width":480,"height":368,"url":"https:\/\/francelyme.fr\/site\/wp-content\/uploads\/2016\/06\/13406711_1282632141761871_587778898994408618_n.jpg","type":"image\/jpeg"}],"author":"AdminFL","twitter_card":"summary_large_image","twitter_creator":"@francelyme","twitter_site":"@francelyme","twitter_misc":{"\u00c9crit par":"AdminFL","Dur\u00e9e de lecture estim\u00e9e":"1 minute"},"schema":{"@context":"https:\/\/schema.org","@graph":[{"@type":"Article","@id":"https:\/\/francelyme.fr\/site\/rencontre-a-st-marcelin-isere-26-juin-2016\/#article","isPartOf":{"@id":"https:\/\/francelyme.fr\/site\/rencontre-a-st-marcelin-isere-26-juin-2016\/"},"author":{"name":"AdminFL","@id":"https:\/\/francelyme.fr\/site\/#\/schema\/person\/1a2c2689f69ecd6062cfac7d4b12f265"},"headline":"Rencontre \u00e0 St Marcelin (Is\u00e8re), 26 juin 2016","datePublished":"2016-06-17T13:24:24+00:00","mainEntityOfPage":{"@id":"https:\/\/francelyme.fr\/site\/rencontre-a-st-marcelin-isere-26-juin-2016\/"},"wordCount":151,"publisher":{"@id":"https:\/\/francelyme.fr\/site\/#organization"},"image":{"@id":"https:\/\/francelyme.fr\/site\/rencontre-a-st-marcelin-isere-26-juin-2016\/#primaryimage"},"thumbnailUrl":"https:\/\/francelyme.fr\/site\/wp-content\/uploads\/2016\/06\/13406711_1282632141761871_587778898994408618_n.jpg","keywords":["Rencontres"],"articleSection":["En r\u00e9gions","France Lyme","Rencontres","Rh\u00f4ne-Alpes"],"inLanguage":"fr-FR"},{"@type":"WebPage","@id":"https:\/\/francelyme.fr\/site\/rencontre-a-st-marcelin-isere-26-juin-2016\/","url":"https:\/\/francelyme.fr\/site\/rencontre-a-st-marcelin-isere-26-juin-2016\/","name":"Rencontre \u00e0 St Marcelin (Is\u00e8re), 26 juin 2016 - Association France Lyme","isPartOf":{"@id":"https:\/\/francelyme.fr\/site\/#website"},"primaryImageOfPage":{"@id":"https:\/\/francelyme.fr\/site\/rencontre-a-st-marcelin-isere-26-juin-2016\/#primaryimage"},"image":{"@id":"https:\/\/francelyme.fr\/site\/rencontre-a-st-marcelin-isere-26-juin-2016\/#primaryimage"},"thumbnailUrl":"https:\/\/francelyme.fr\/site\/wp-content\/uploads\/2016\/06\/13406711_1282632141761871_587778898994408618_n.jpg","datePublished":"2016-06-17T13:24:24+00:00","breadcrumb":{"@id":"https:\/\/francelyme.fr\/site\/rencontre-a-st-marcelin-isere-26-juin-2016\/#breadcrumb"},"inLanguage":"fr-FR","potentialAction":[{"@type":"ReadAction","target":["https:\/\/francelyme.fr\/site\/rencontre-a-st-marcelin-isere-26-juin-2016\/"]}]},{"@type":"ImageObject","inLanguage":"fr-FR","@id":"https:\/\/francelyme.fr\/site\/rencontre-a-st-marcelin-isere-26-juin-2016\/#primaryimage","url":"https:\/\/francelyme.fr\/site\/wp-content\/uploads\/2016\/06\/13406711_1282632141761871_587778898994408618_n.jpg","contentUrl":"https:\/\/francelyme.fr\/site\/wp-content\/uploads\/2016\/06\/13406711_1282632141761871_587778898994408618_n.jpg","width":480,"height":368,"caption":""},{"@type":"BreadcrumbList","@id":"https:\/\/francelyme.fr\/site\/rencontre-a-st-marcelin-isere-26-juin-2016\/#breadcrumb","itemListElement":[{"@type":"ListItem","position":1,"name":"Accueil","item":"https:\/\/francelyme.fr\/site\/"},{"@type":"ListItem","position":2,"name":"Rencontre \u00e0 St Marcelin (Is\u00e8re), 26 juin 2016"}]},{"@type":"WebSite","@id":"https:\/\/francelyme.fr\/site\/#website","url":"https:\/\/francelyme.fr\/site\/","name":"Association France Lyme","description":"Association de lutte contre les maladies vectorielles \u00e0 tiques","publisher":{"@id":"https:\/\/francelyme.fr\/site\/#organization"},"potentialAction":[{"@type":"SearchAction","target":{"@type":"EntryPoint","urlTemplate":"https:\/\/francelyme.fr\/site\/?s={search_term_string}"},"query-input":{"@type":"PropertyValueSpecification","valueRequired":true,"valueName":"search_term_string"}}],"inLanguage":"fr-FR"},{"@type":"Organization","@id":"https:\/\/francelyme.fr\/site\/#organization","name":"France Lyme","url":"https:\/\/francelyme.fr\/site\/","logo":{"@type":"ImageObject","inLanguage":"fr-FR","@id":"https:\/\/francelyme.fr\/site\/#\/schema\/logo\/image\/","url":"https:\/\/francelyme.fr\/site\/wp-content\/uploads\/2019\/05\/francelyme-site.gif","contentUrl":"https:\/\/francelyme.fr\/site\/wp-content\/uploads\/2019\/05\/francelyme-site.gif","width":180,"height":180,"caption":"France Lyme"},"image":{"@id":"https:\/\/francelyme.fr\/site\/#\/schema\/logo\/image\/"},"sameAs":["https:\/\/www.facebook.com\/france.lyme","https:\/\/x.com\/francelyme","https:\/\/www.youtube.com\/channel\/UClMCGl3dvkz0iAgXFR1NH1A"]},{"@type":"Person","@id":"https:\/\/francelyme.fr\/site\/#\/schema\/person\/1a2c2689f69ecd6062cfac7d4b12f265","name":"AdminFL","image":{"@type":"ImageObject","inLanguage":"fr-FR","@id":"https:\/\/secure.gravatar.com\/avatar\/4920874779d1914d5cba6d6dc7a2f20c832bb43238e659994a133a63cb03c29e?s=96&d=mm&r=g","url":"https:\/\/secure.gravatar.com\/avatar\/4920874779d1914d5cba6d6dc7a2f20c832bb43238e659994a133a63cb03c29e?s=96&d=mm&r=g","contentUrl":"https:\/\/secure.gravatar.com\/avatar\/4920874779d1914d5cba6d6dc7a2f20c832bb43238e659994a133a63cb03c29e?s=96&d=mm&r=g","caption":"AdminFL"},"url":"https:\/\/francelyme.fr\/site\/author\/fralymadm\/"}]}},"_links":{"self":[{"href":"https:\/\/francelyme.fr\/site\/wp-json\/wp\/v2\/posts\/5143","targetHints":{"allow":["GET"]}}],"collection":[{"href":"https:\/\/francelyme.fr\/site\/wp-json\/wp\/v2\/posts"}],"about":[{"href":"https:\/\/francelyme.fr\/site\/wp-json\/wp\/v2\/types\/post"}],"author":[{"embeddable":true,"href":"https:\/\/francelyme.fr\/site\/wp-json\/wp\/v2\/users\/1"}],"replies":[{"embeddable":true,"href":"https:\/\/francelyme.fr\/site\/wp-json\/wp\/v2\/comments?post=5143"}],"version-history":[{"count":0,"href":"https:\/\/francelyme.fr\/site\/wp-json\/wp\/v2\/posts\/5143\/revisions"}],"wp:featuredmedia":[{"embeddable":true,"href":"https:\/\/francelyme.fr\/site\/wp-json\/wp\/v2\/media\/5144"}],"wp:attachment":[{"href":"https:\/\/francelyme.fr\/site\/wp-json\/wp\/v2\/media?parent=5143"}],"wp:term":[{"taxonomy":"category","embeddable":true,"href":"https:\/\/francelyme.fr\/site\/wp-json\/wp\/v2\/categories?post=5143"},{"taxonomy":"post_tag","embeddable":true,"href":"https:\/\/francelyme.fr\/site\/wp-json\/wp\/v2\/tags?post=5143"}],"curies":[{"name":"wp","href":"https:\/\/api.w.org\/{rel}","templated":true}]}}