{"id":5322,"date":"2016-08-18T15:21:16","date_gmt":"2016-08-18T13:21:16","guid":{"rendered":"http:\/\/francelyme.fr\/?p=5322"},"modified":"2016-08-18T15:21:16","modified_gmt":"2016-08-18T13:21:16","slug":"stand-et-conference-a-la-fete-des-jardins-parc-floral-24-25-septembre-2016","status":"publish","type":"post","link":"https:\/\/francelyme.fr\/site\/stand-et-conference-a-la-fete-des-jardins-parc-floral-24-25-septembre-2016\/","title":{"rendered":"Stand et conf\u00e9rence \u00e0 la F\u00eate des Jardins, Parc Floral, 24-25 septembre 2016"},"content":{"rendered":"<div class=\"like-button\" style=\"float: right; clear: both; text-align: right; width = 100%;\">\n<!-- Facebook Like Button Vivacity Infotech BEGIN -->\n<div class=\"fb-like\" data-href=\"https:\/\/francelyme.fr\/site\/stand-et-conference-a-la-fete-des-jardins-parc-floral-24-25-septembre-2016\/\" data-layout=\"box_count\" data-action=\"like\" data-show-faces=\"false\" data-size=\"large\" data-width=\"450\" data-share=\"1\" ><\/div><\/div>\n<!-- Facebook Like Button Vivacity Infotech END -->\n<div id=\"fb-root\"><\/div>\n<p>\t\t\t\t<strong>Venez nous rejoindre \u00e0 la F\u00eate des Jardins les 24 et 25 septembre 2016 au Parc Floral de Paris !<\/strong><\/p>\n<p>Comme en 2015 (<a href=\"http:\/\/francelyme.fr\/retour-sur-la-participation-de-france-lyme-a-la-fete-des-jardins-parc-floral-de-paris\/\">http:\/\/francelyme.fr\/retour-sur-la-participation-de-france-lyme-a-la-fete-des-jardins-parc-floral-de-paris\/<\/a>), la Mairie de Paris et le Jardin Botanique de Paris a invit\u00e9 France Lyme \u00e0 tenir un stand et une conf\u00e9rence \u00e0 l\u2019occasion de la F\u00eate des Jardins.<\/p>\n<p>Les b\u00e9n\u00e9voles France Lyme r\u00e9pondront aux questions des visiteurs le samedi 24 septembre de 14h \u00e0 19h et le dimanche 25 septembre de 11h \u00e0 19h \u00e0 la Chesnaie du Roy, \u00e0 l\u2019entr\u00e9e Nymph\u00e9a du Parc Floral de Paris (Bois de Vincennes, Route de la Pyramide, Paris 12<sup>e<\/sup>).<\/p>\n<p><strong>La conf\u00e9rence sur le th\u00e8me \u00ab\u00a0Attention aux tiques dans les bois et les jardins\u00a0! Pourquoi et comment se prot\u00e9ger des tiques et de la maladie de Lyme\u00a0\u00bb aura lieu le dimanche de 16h10 \u00e0 17h10 dans le pavillon 21 du Parc Floral.<\/strong><\/p>\n<p><em>\u00a0<\/em>Ce sera aussi l\u2019occasion pour vous d\u2019avoir des indications quant \u00e0 la prise en charge de la maladie de Lyme.<\/p>\n<p>Pour plus d\u2019informations sur cet \u00e9v\u00e8nement, vous pouvez nous \u00e9crire \u00e0 <a href=\"mailto:section.paris@francelyme.fr\">section.paris@francelyme.fr<\/a><\/p>\n<p>Nous esp\u00e9rons vous retrouver les 24 et\/ou 25 septembre !<\/p>\n<p>Et nous comptons sur vous pour parler autour de vous de notre stand et de notre conf\u00e9rence afin que nous ayons de nombreux visiteurs\u00a0!<\/p>\n<p>Merci d&rsquo;avance \u00e0 toutes celles et \u00e0 tous ceux qui repr\u00e9senteront France Lyme \u00e0 cette occasion !<\/p>\n<p>&nbsp;<\/p>\n<p><a href=\"http:\/\/www.francelyme.fr\/WordPress3\/Documents\/2016\/08\/F\u00eate-des-Jardins-2016-Exposants.jpg\"><img loading=\"lazy\" decoding=\"async\" class=\"aligncenter size-medium wp-image-5380\" src=\"http:\/\/www.francelyme.fr\/WordPress3\/Documents\/2016\/08\/F\u00eate-des-Jardins-2016-Exposants-212x300.jpg\" alt=\"fete-des-jardins-2016-exposants\" width=\"212\" height=\"300\" srcset=\"https:\/\/francelyme.fr\/site\/wp-content\/uploads\/2016\/08\/F\u00eate-des-Jardins-2016-Exposants-212x300.jpg 212w, https:\/\/francelyme.fr\/site\/wp-content\/uploads\/2016\/08\/F\u00eate-des-Jardins-2016-Exposants-768x1086.jpg 768w, https:\/\/francelyme.fr\/site\/wp-content\/uploads\/2016\/08\/F\u00eate-des-Jardins-2016-Exposants-724x1024.jpg 724w\" sizes=\"auto, (max-width: 212px) 100vw, 212px\" \/><\/a><\/p>\n<p>&nbsp;<\/p>\n<p><a href=\"http:\/\/www.francelyme.fr\/WordPress3\/Documents\/2016\/08\/Fete-des-Jardins-2016-Programme-des-conf\u00e9rences.jpg\"><img loading=\"lazy\" decoding=\"async\" class=\"aligncenter size-medium wp-image-5381\" src=\"http:\/\/www.francelyme.fr\/WordPress3\/Documents\/2016\/08\/Fete-des-Jardins-2016-Programme-des-conf\u00e9rences-212x300.jpg\" alt=\"fete-des-jardins-2016-programme-des-conferences\" width=\"212\" height=\"300\" srcset=\"https:\/\/francelyme.fr\/site\/wp-content\/uploads\/2016\/08\/Fete-des-Jardins-2016-Programme-des-conf\u00e9rences-212x300.jpg 212w, https:\/\/francelyme.fr\/site\/wp-content\/uploads\/2016\/08\/Fete-des-Jardins-2016-Programme-des-conf\u00e9rences-768x1086.jpg 768w, https:\/\/francelyme.fr\/site\/wp-content\/uploads\/2016\/08\/Fete-des-Jardins-2016-Programme-des-conf\u00e9rences-724x1024.jpg 724w\" sizes=\"auto, (max-width: 212px) 100vw, 212px\" \/><\/a><\/p>\n<p><a href=\"http:\/\/www.francelyme.fr\/WordPress3\/Documents\/2016\/08\/Conf\u00e9rence-Parc-Floral-Paris-25.09.2016_Attention-aux-tiques-dans-les-bois-et-les-jardins.jpg\"><img loading=\"lazy\" decoding=\"async\" class=\"aligncenter size-medium wp-image-5473\" src=\"http:\/\/www.francelyme.fr\/WordPress3\/Documents\/2016\/08\/Conf\u00e9rence-Parc-Floral-Paris-25.09.2016_Attention-aux-tiques-dans-les-bois-et-les-jardins-300x215.jpg\" alt=\"conference-parc-floral-paris-25-09-2016_attention-aux-tiques-dans-les-bois-et-les-jardins\" width=\"300\" height=\"215\" srcset=\"https:\/\/francelyme.fr\/site\/wp-content\/uploads\/2016\/08\/Conf\u00e9rence-Parc-Floral-Paris-25.09.2016_Attention-aux-tiques-dans-les-bois-et-les-jardins-300x215.jpg 300w, https:\/\/francelyme.fr\/site\/wp-content\/uploads\/2016\/08\/Conf\u00e9rence-Parc-Floral-Paris-25.09.2016_Attention-aux-tiques-dans-les-bois-et-les-jardins-768x550.jpg 768w, https:\/\/francelyme.fr\/site\/wp-content\/uploads\/2016\/08\/Conf\u00e9rence-Parc-Floral-Paris-25.09.2016_Attention-aux-tiques-dans-les-bois-et-les-jardins-1024x734.jpg 1024w\" sizes=\"auto, (max-width: 300px) 100vw, 300px\" \/><\/a><\/p>\n<p><a href=\"http:\/\/www.francelyme.fr\/WordPress3\/Documents\/2016\/08\/Affiche-Fete-des-jardins-2016.jpg\"><img loading=\"lazy\" decoding=\"async\" class=\"aligncenter size-full wp-image-5454\" src=\"http:\/\/www.francelyme.fr\/WordPress3\/Documents\/2016\/08\/Affiche-Fete-des-jardins-2016.jpg\" alt=\"affiche-fete-des-jardins-2016\" width=\"255\" height=\"167\" \/><\/a><\/p>\n<p>&nbsp;<\/p>\n<p>&nbsp;<\/p>\n<p>&nbsp;\t\t<\/p>\n<div class=\"like-button\" style=\"float: right; clear: both; text-align: right; width = 100%;\">\n<!-- Facebook Like Button Vivacity Infotech BEGIN -->\n<div class=\"fb-like\" data-href=\"https:\/\/francelyme.fr\/site\/stand-et-conference-a-la-fete-des-jardins-parc-floral-24-25-septembre-2016\/\" data-layout=\"box_count\" data-action=\"like\" data-show-faces=\"false\" data-size=\"large\" data-width=\"450\" data-share=\"1\" ><\/div><\/div>\n<!-- Facebook Like Button Vivacity Infotech END -->\n","protected":false},"excerpt":{"rendered":"","protected":false},"author":1,"featured_media":5454,"comment_status":"closed","ping_status":"closed","sticky":false,"template":"","format":"standard","meta":{"footnotes":""},"categories":[7,38,41,46,9],"tags":[47,66,51],"class_list":["post-5322","post","type-post","status-publish","format-standard","has-post-thumbnail","hentry","category-actions","category-en-regions","category-france-lyme","category-ile-de-france-en-regions","category-prevention","tag-conference","tag-fete-des-jardins","tag-prevention"],"yoast_head":"<!-- This site is optimized with the Yoast SEO plugin v27.3 - https:\/\/yoast.com\/product\/yoast-seo-wordpress\/ -->\n<title>Stand et conf\u00e9rence \u00e0 la F\u00eate des Jardins, Parc Floral, 24-25 septembre 2016 - Association France Lyme<\/title>\n<meta name=\"robots\" content=\"index, follow, max-snippet:-1, max-image-preview:large, max-video-preview:-1\" \/>\n<link rel=\"canonical\" href=\"https:\/\/francelyme.fr\/site\/stand-et-conference-a-la-fete-des-jardins-parc-floral-24-25-septembre-2016\/\" \/>\n<meta property=\"og:locale\" content=\"fr_FR\" \/>\n<meta property=\"og:type\" content=\"article\" \/>\n<meta property=\"og:title\" content=\"Stand et conf\u00e9rence \u00e0 la F\u00eate des Jardins, Parc Floral, 24-25 septembre 2016 - Association France Lyme\" \/>\n<meta property=\"og:url\" content=\"https:\/\/francelyme.fr\/site\/stand-et-conference-a-la-fete-des-jardins-parc-floral-24-25-septembre-2016\/\" \/>\n<meta property=\"og:site_name\" content=\"Association France Lyme\" \/>\n<meta property=\"article:publisher\" content=\"https:\/\/www.facebook.com\/france.lyme\" \/>\n<meta property=\"article:published_time\" content=\"2016-08-18T13:21:16+00:00\" \/>\n<meta property=\"og:image\" content=\"https:\/\/francelyme.fr\/site\/wp-content\/uploads\/2016\/08\/Affiche-Fete-des-jardins-2016.jpg\" \/>\n\t<meta property=\"og:image:width\" content=\"255\" \/>\n\t<meta property=\"og:image:height\" content=\"167\" \/>\n\t<meta property=\"og:image:type\" content=\"image\/jpeg\" \/>\n<meta name=\"author\" content=\"AdminFL\" \/>\n<meta name=\"twitter:card\" content=\"summary_large_image\" \/>\n<meta name=\"twitter:creator\" content=\"@francelyme\" \/>\n<meta name=\"twitter:site\" content=\"@francelyme\" \/>\n<meta name=\"twitter:label1\" content=\"\u00c9crit par\" \/>\n\t<meta name=\"twitter:data1\" content=\"AdminFL\" \/>\n\t<meta name=\"twitter:label2\" content=\"Dur\u00e9e de lecture estim\u00e9e\" \/>\n\t<meta name=\"twitter:data2\" content=\"1 minute\" \/>\n<script type=\"application\/ld+json\" class=\"yoast-schema-graph\">{\"@context\":\"https:\\\/\\\/schema.org\",\"@graph\":[{\"@type\":\"Article\",\"@id\":\"https:\\\/\\\/francelyme.fr\\\/site\\\/stand-et-conference-a-la-fete-des-jardins-parc-floral-24-25-septembre-2016\\\/#article\",\"isPartOf\":{\"@id\":\"https:\\\/\\\/francelyme.fr\\\/site\\\/stand-et-conference-a-la-fete-des-jardins-parc-floral-24-25-septembre-2016\\\/\"},\"author\":{\"name\":\"AdminFL\",\"@id\":\"https:\\\/\\\/francelyme.fr\\\/site\\\/#\\\/schema\\\/person\\\/1a2c2689f69ecd6062cfac7d4b12f265\"},\"headline\":\"Stand et conf\u00e9rence \u00e0 la F\u00eate des Jardins, Parc Floral, 24-25 septembre 2016\",\"datePublished\":\"2016-08-18T13:21:16+00:00\",\"mainEntityOfPage\":{\"@id\":\"https:\\\/\\\/francelyme.fr\\\/site\\\/stand-et-conference-a-la-fete-des-jardins-parc-floral-24-25-septembre-2016\\\/\"},\"wordCount\":246,\"publisher\":{\"@id\":\"https:\\\/\\\/francelyme.fr\\\/site\\\/#organization\"},\"image\":{\"@id\":\"https:\\\/\\\/francelyme.fr\\\/site\\\/stand-et-conference-a-la-fete-des-jardins-parc-floral-24-25-septembre-2016\\\/#primaryimage\"},\"thumbnailUrl\":\"https:\\\/\\\/francelyme.fr\\\/site\\\/wp-content\\\/uploads\\\/2016\\\/08\\\/Affiche-Fete-des-jardins-2016.jpg\",\"keywords\":[\"Conf\u00e9rences\",\"F\u00eate des Jardins\",\"Pr\u00e9vention\"],\"articleSection\":[\"Actions et stands\",\"En r\u00e9gions\",\"France Lyme\",\"\u00cele-de-France\",\"Pr\u00e9vention\"],\"inLanguage\":\"fr-FR\"},{\"@type\":\"WebPage\",\"@id\":\"https:\\\/\\\/francelyme.fr\\\/site\\\/stand-et-conference-a-la-fete-des-jardins-parc-floral-24-25-septembre-2016\\\/\",\"url\":\"https:\\\/\\\/francelyme.fr\\\/site\\\/stand-et-conference-a-la-fete-des-jardins-parc-floral-24-25-septembre-2016\\\/\",\"name\":\"Stand et conf\u00e9rence \u00e0 la F\u00eate des Jardins, Parc Floral, 24-25 septembre 2016 - Association France Lyme\",\"isPartOf\":{\"@id\":\"https:\\\/\\\/francelyme.fr\\\/site\\\/#website\"},\"primaryImageOfPage\":{\"@id\":\"https:\\\/\\\/francelyme.fr\\\/site\\\/stand-et-conference-a-la-fete-des-jardins-parc-floral-24-25-septembre-2016\\\/#primaryimage\"},\"image\":{\"@id\":\"https:\\\/\\\/francelyme.fr\\\/site\\\/stand-et-conference-a-la-fete-des-jardins-parc-floral-24-25-septembre-2016\\\/#primaryimage\"},\"thumbnailUrl\":\"https:\\\/\\\/francelyme.fr\\\/site\\\/wp-content\\\/uploads\\\/2016\\\/08\\\/Affiche-Fete-des-jardins-2016.jpg\",\"datePublished\":\"2016-08-18T13:21:16+00:00\",\"breadcrumb\":{\"@id\":\"https:\\\/\\\/francelyme.fr\\\/site\\\/stand-et-conference-a-la-fete-des-jardins-parc-floral-24-25-septembre-2016\\\/#breadcrumb\"},\"inLanguage\":\"fr-FR\",\"potentialAction\":[{\"@type\":\"ReadAction\",\"target\":[\"https:\\\/\\\/francelyme.fr\\\/site\\\/stand-et-conference-a-la-fete-des-jardins-parc-floral-24-25-septembre-2016\\\/\"]}]},{\"@type\":\"ImageObject\",\"inLanguage\":\"fr-FR\",\"@id\":\"https:\\\/\\\/francelyme.fr\\\/site\\\/stand-et-conference-a-la-fete-des-jardins-parc-floral-24-25-septembre-2016\\\/#primaryimage\",\"url\":\"https:\\\/\\\/francelyme.fr\\\/site\\\/wp-content\\\/uploads\\\/2016\\\/08\\\/Affiche-Fete-des-jardins-2016.jpg\",\"contentUrl\":\"https:\\\/\\\/francelyme.fr\\\/site\\\/wp-content\\\/uploads\\\/2016\\\/08\\\/Affiche-Fete-des-jardins-2016.jpg\",\"width\":255,\"height\":167,\"caption\":\"\"},{\"@type\":\"BreadcrumbList\",\"@id\":\"https:\\\/\\\/francelyme.fr\\\/site\\\/stand-et-conference-a-la-fete-des-jardins-parc-floral-24-25-septembre-2016\\\/#breadcrumb\",\"itemListElement\":[{\"@type\":\"ListItem\",\"position\":1,\"name\":\"Accueil\",\"item\":\"https:\\\/\\\/francelyme.fr\\\/site\\\/\"},{\"@type\":\"ListItem\",\"position\":2,\"name\":\"Stand et conf\u00e9rence \u00e0 la F\u00eate des Jardins, Parc Floral, 24-25 septembre 2016\"}]},{\"@type\":\"WebSite\",\"@id\":\"https:\\\/\\\/francelyme.fr\\\/site\\\/#website\",\"url\":\"https:\\\/\\\/francelyme.fr\\\/site\\\/\",\"name\":\"Association France Lyme\",\"description\":\"Association de lutte contre les maladies vectorielles \u00e0 tiques\",\"publisher\":{\"@id\":\"https:\\\/\\\/francelyme.fr\\\/site\\\/#organization\"},\"potentialAction\":[{\"@type\":\"SearchAction\",\"target\":{\"@type\":\"EntryPoint\",\"urlTemplate\":\"https:\\\/\\\/francelyme.fr\\\/site\\\/?s={search_term_string}\"},\"query-input\":{\"@type\":\"PropertyValueSpecification\",\"valueRequired\":true,\"valueName\":\"search_term_string\"}}],\"inLanguage\":\"fr-FR\"},{\"@type\":\"Organization\",\"@id\":\"https:\\\/\\\/francelyme.fr\\\/site\\\/#organization\",\"name\":\"France Lyme\",\"url\":\"https:\\\/\\\/francelyme.fr\\\/site\\\/\",\"logo\":{\"@type\":\"ImageObject\",\"inLanguage\":\"fr-FR\",\"@id\":\"https:\\\/\\\/francelyme.fr\\\/site\\\/#\\\/schema\\\/logo\\\/image\\\/\",\"url\":\"https:\\\/\\\/francelyme.fr\\\/site\\\/wp-content\\\/uploads\\\/2019\\\/05\\\/francelyme-site.gif\",\"contentUrl\":\"https:\\\/\\\/francelyme.fr\\\/site\\\/wp-content\\\/uploads\\\/2019\\\/05\\\/francelyme-site.gif\",\"width\":180,\"height\":180,\"caption\":\"France Lyme\"},\"image\":{\"@id\":\"https:\\\/\\\/francelyme.fr\\\/site\\\/#\\\/schema\\\/logo\\\/image\\\/\"},\"sameAs\":[\"https:\\\/\\\/www.facebook.com\\\/france.lyme\",\"https:\\\/\\\/x.com\\\/francelyme\",\"https:\\\/\\\/www.youtube.com\\\/channel\\\/UClMCGl3dvkz0iAgXFR1NH1A\"]},{\"@type\":\"Person\",\"@id\":\"https:\\\/\\\/francelyme.fr\\\/site\\\/#\\\/schema\\\/person\\\/1a2c2689f69ecd6062cfac7d4b12f265\",\"name\":\"AdminFL\",\"image\":{\"@type\":\"ImageObject\",\"inLanguage\":\"fr-FR\",\"@id\":\"https:\\\/\\\/secure.gravatar.com\\\/avatar\\\/4920874779d1914d5cba6d6dc7a2f20c832bb43238e659994a133a63cb03c29e?s=96&d=mm&r=g\",\"url\":\"https:\\\/\\\/secure.gravatar.com\\\/avatar\\\/4920874779d1914d5cba6d6dc7a2f20c832bb43238e659994a133a63cb03c29e?s=96&d=mm&r=g\",\"contentUrl\":\"https:\\\/\\\/secure.gravatar.com\\\/avatar\\\/4920874779d1914d5cba6d6dc7a2f20c832bb43238e659994a133a63cb03c29e?s=96&d=mm&r=g\",\"caption\":\"AdminFL\"},\"url\":\"https:\\\/\\\/francelyme.fr\\\/site\\\/author\\\/fralymadm\\\/\"}]}<\/script>\n<!-- \/ Yoast SEO plugin. -->","yoast_head_json":{"title":"Stand et conf\u00e9rence \u00e0 la F\u00eate des Jardins, Parc Floral, 24-25 septembre 2016 - Association France Lyme","robots":{"index":"index","follow":"follow","max-snippet":"max-snippet:-1","max-image-preview":"max-image-preview:large","max-video-preview":"max-video-preview:-1"},"canonical":"https:\/\/francelyme.fr\/site\/stand-et-conference-a-la-fete-des-jardins-parc-floral-24-25-septembre-2016\/","og_locale":"fr_FR","og_type":"article","og_title":"Stand et conf\u00e9rence \u00e0 la F\u00eate des Jardins, Parc Floral, 24-25 septembre 2016 - Association France Lyme","og_url":"https:\/\/francelyme.fr\/site\/stand-et-conference-a-la-fete-des-jardins-parc-floral-24-25-septembre-2016\/","og_site_name":"Association France Lyme","article_publisher":"https:\/\/www.facebook.com\/france.lyme","article_published_time":"2016-08-18T13:21:16+00:00","og_image":[{"width":255,"height":167,"url":"https:\/\/francelyme.fr\/site\/wp-content\/uploads\/2016\/08\/Affiche-Fete-des-jardins-2016.jpg","type":"image\/jpeg"}],"author":"AdminFL","twitter_card":"summary_large_image","twitter_creator":"@francelyme","twitter_site":"@francelyme","twitter_misc":{"\u00c9crit par":"AdminFL","Dur\u00e9e de lecture estim\u00e9e":"1 minute"},"schema":{"@context":"https:\/\/schema.org","@graph":[{"@type":"Article","@id":"https:\/\/francelyme.fr\/site\/stand-et-conference-a-la-fete-des-jardins-parc-floral-24-25-septembre-2016\/#article","isPartOf":{"@id":"https:\/\/francelyme.fr\/site\/stand-et-conference-a-la-fete-des-jardins-parc-floral-24-25-septembre-2016\/"},"author":{"name":"AdminFL","@id":"https:\/\/francelyme.fr\/site\/#\/schema\/person\/1a2c2689f69ecd6062cfac7d4b12f265"},"headline":"Stand et conf\u00e9rence \u00e0 la F\u00eate des Jardins, Parc Floral, 24-25 septembre 2016","datePublished":"2016-08-18T13:21:16+00:00","mainEntityOfPage":{"@id":"https:\/\/francelyme.fr\/site\/stand-et-conference-a-la-fete-des-jardins-parc-floral-24-25-septembre-2016\/"},"wordCount":246,"publisher":{"@id":"https:\/\/francelyme.fr\/site\/#organization"},"image":{"@id":"https:\/\/francelyme.fr\/site\/stand-et-conference-a-la-fete-des-jardins-parc-floral-24-25-septembre-2016\/#primaryimage"},"thumbnailUrl":"https:\/\/francelyme.fr\/site\/wp-content\/uploads\/2016\/08\/Affiche-Fete-des-jardins-2016.jpg","keywords":["Conf\u00e9rences","F\u00eate des Jardins","Pr\u00e9vention"],"articleSection":["Actions et stands","En r\u00e9gions","France Lyme","\u00cele-de-France","Pr\u00e9vention"],"inLanguage":"fr-FR"},{"@type":"WebPage","@id":"https:\/\/francelyme.fr\/site\/stand-et-conference-a-la-fete-des-jardins-parc-floral-24-25-septembre-2016\/","url":"https:\/\/francelyme.fr\/site\/stand-et-conference-a-la-fete-des-jardins-parc-floral-24-25-septembre-2016\/","name":"Stand et conf\u00e9rence \u00e0 la F\u00eate des Jardins, Parc Floral, 24-25 septembre 2016 - Association France Lyme","isPartOf":{"@id":"https:\/\/francelyme.fr\/site\/#website"},"primaryImageOfPage":{"@id":"https:\/\/francelyme.fr\/site\/stand-et-conference-a-la-fete-des-jardins-parc-floral-24-25-septembre-2016\/#primaryimage"},"image":{"@id":"https:\/\/francelyme.fr\/site\/stand-et-conference-a-la-fete-des-jardins-parc-floral-24-25-septembre-2016\/#primaryimage"},"thumbnailUrl":"https:\/\/francelyme.fr\/site\/wp-content\/uploads\/2016\/08\/Affiche-Fete-des-jardins-2016.jpg","datePublished":"2016-08-18T13:21:16+00:00","breadcrumb":{"@id":"https:\/\/francelyme.fr\/site\/stand-et-conference-a-la-fete-des-jardins-parc-floral-24-25-septembre-2016\/#breadcrumb"},"inLanguage":"fr-FR","potentialAction":[{"@type":"ReadAction","target":["https:\/\/francelyme.fr\/site\/stand-et-conference-a-la-fete-des-jardins-parc-floral-24-25-septembre-2016\/"]}]},{"@type":"ImageObject","inLanguage":"fr-FR","@id":"https:\/\/francelyme.fr\/site\/stand-et-conference-a-la-fete-des-jardins-parc-floral-24-25-septembre-2016\/#primaryimage","url":"https:\/\/francelyme.fr\/site\/wp-content\/uploads\/2016\/08\/Affiche-Fete-des-jardins-2016.jpg","contentUrl":"https:\/\/francelyme.fr\/site\/wp-content\/uploads\/2016\/08\/Affiche-Fete-des-jardins-2016.jpg","width":255,"height":167,"caption":""},{"@type":"BreadcrumbList","@id":"https:\/\/francelyme.fr\/site\/stand-et-conference-a-la-fete-des-jardins-parc-floral-24-25-septembre-2016\/#breadcrumb","itemListElement":[{"@type":"ListItem","position":1,"name":"Accueil","item":"https:\/\/francelyme.fr\/site\/"},{"@type":"ListItem","position":2,"name":"Stand et conf\u00e9rence \u00e0 la F\u00eate des Jardins, Parc Floral, 24-25 septembre 2016"}]},{"@type":"WebSite","@id":"https:\/\/francelyme.fr\/site\/#website","url":"https:\/\/francelyme.fr\/site\/","name":"Association France Lyme","description":"Association de lutte contre les maladies vectorielles \u00e0 tiques","publisher":{"@id":"https:\/\/francelyme.fr\/site\/#organization"},"potentialAction":[{"@type":"SearchAction","target":{"@type":"EntryPoint","urlTemplate":"https:\/\/francelyme.fr\/site\/?s={search_term_string}"},"query-input":{"@type":"PropertyValueSpecification","valueRequired":true,"valueName":"search_term_string"}}],"inLanguage":"fr-FR"},{"@type":"Organization","@id":"https:\/\/francelyme.fr\/site\/#organization","name":"France Lyme","url":"https:\/\/francelyme.fr\/site\/","logo":{"@type":"ImageObject","inLanguage":"fr-FR","@id":"https:\/\/francelyme.fr\/site\/#\/schema\/logo\/image\/","url":"https:\/\/francelyme.fr\/site\/wp-content\/uploads\/2019\/05\/francelyme-site.gif","contentUrl":"https:\/\/francelyme.fr\/site\/wp-content\/uploads\/2019\/05\/francelyme-site.gif","width":180,"height":180,"caption":"France Lyme"},"image":{"@id":"https:\/\/francelyme.fr\/site\/#\/schema\/logo\/image\/"},"sameAs":["https:\/\/www.facebook.com\/france.lyme","https:\/\/x.com\/francelyme","https:\/\/www.youtube.com\/channel\/UClMCGl3dvkz0iAgXFR1NH1A"]},{"@type":"Person","@id":"https:\/\/francelyme.fr\/site\/#\/schema\/person\/1a2c2689f69ecd6062cfac7d4b12f265","name":"AdminFL","image":{"@type":"ImageObject","inLanguage":"fr-FR","@id":"https:\/\/secure.gravatar.com\/avatar\/4920874779d1914d5cba6d6dc7a2f20c832bb43238e659994a133a63cb03c29e?s=96&d=mm&r=g","url":"https:\/\/secure.gravatar.com\/avatar\/4920874779d1914d5cba6d6dc7a2f20c832bb43238e659994a133a63cb03c29e?s=96&d=mm&r=g","contentUrl":"https:\/\/secure.gravatar.com\/avatar\/4920874779d1914d5cba6d6dc7a2f20c832bb43238e659994a133a63cb03c29e?s=96&d=mm&r=g","caption":"AdminFL"},"url":"https:\/\/francelyme.fr\/site\/author\/fralymadm\/"}]}},"_links":{"self":[{"href":"https:\/\/francelyme.fr\/site\/wp-json\/wp\/v2\/posts\/5322","targetHints":{"allow":["GET"]}}],"collection":[{"href":"https:\/\/francelyme.fr\/site\/wp-json\/wp\/v2\/posts"}],"about":[{"href":"https:\/\/francelyme.fr\/site\/wp-json\/wp\/v2\/types\/post"}],"author":[{"embeddable":true,"href":"https:\/\/francelyme.fr\/site\/wp-json\/wp\/v2\/users\/1"}],"replies":[{"embeddable":true,"href":"https:\/\/francelyme.fr\/site\/wp-json\/wp\/v2\/comments?post=5322"}],"version-history":[{"count":0,"href":"https:\/\/francelyme.fr\/site\/wp-json\/wp\/v2\/posts\/5322\/revisions"}],"wp:featuredmedia":[{"embeddable":true,"href":"https:\/\/francelyme.fr\/site\/wp-json\/wp\/v2\/media\/5454"}],"wp:attachment":[{"href":"https:\/\/francelyme.fr\/site\/wp-json\/wp\/v2\/media?parent=5322"}],"wp:term":[{"taxonomy":"category","embeddable":true,"href":"https:\/\/francelyme.fr\/site\/wp-json\/wp\/v2\/categories?post=5322"},{"taxonomy":"post_tag","embeddable":true,"href":"https:\/\/francelyme.fr\/site\/wp-json\/wp\/v2\/tags?post=5322"}],"curies":[{"name":"wp","href":"https:\/\/api.w.org\/{rel}","templated":true}]}}