{"id":5445,"date":"2016-09-15T09:52:57","date_gmt":"2016-09-15T07:52:57","guid":{"rendered":"http:\/\/francelyme.fr\/?p=5445"},"modified":"2023-06-02T23:30:44","modified_gmt":"2023-06-02T21:30:44","slug":"france-lyme-au-salon-du-livre-de-besancon-16-18-septembre-2016","status":"publish","type":"post","link":"https:\/\/francelyme.fr\/site\/france-lyme-au-salon-du-livre-de-besancon-16-18-septembre-2016\/","title":{"rendered":"France Lyme au salon du livre de Besan\u00e7on, 16-18 septembre 2016"},"content":{"rendered":"<div class=\"like-button\" style=\"float: right; clear: both; text-align: right; width = 100%;\">\n<!-- Facebook Like Button Vivacity Infotech BEGIN -->\n<div class=\"fb-like\" data-href=\"https:\/\/francelyme.fr\/site\/france-lyme-au-salon-du-livre-de-besancon-16-18-septembre-2016\/\" data-layout=\"box_count\" data-action=\"like\" data-show-faces=\"false\" data-size=\"large\" data-width=\"450\" data-share=\"1\" ><\/div><\/div>\n<!-- Facebook Like Button Vivacity Infotech END -->\n<div id=\"fb-root\"><\/div>\n<p><span style=\"color: #3366ff\"><strong>Avis aux habitants de Besan\u00e7on et alentours ! <\/strong><\/span><\/p>\n<p><span style=\"color: #3366ff\"><strong>2 dates \u00e0 retenir :<\/strong><\/span><\/p>\n<p><strong>Vendredi 16 septembre \u00e0 19h<\/strong>, Nassera Frugier pr\u00e9sentera et d\u00e9dicacera son livre \u00e0 la librairie SILO\u00cb CHEVASSU. 119 Grande Rue 25000 Besan\u00e7on.<\/p>\n<p><strong>Dimanche 18 septembre, 15 h 30<\/strong> \u00ab\u00a0Journal d\u2019un corps : rencontre avec Julie Gouaz\u00e9 et Nassera Frugier\u00a0\u00bb,<strong> H\u00f4pital Saint-Jacques, Besan\u00e7on<\/strong><\/p>\n<div class=\"text_exposed_show\">\n<p>La section Doubs sera sur place dimanche .<\/p>\n<p><strong>Si vous \u00eates adh\u00e9rent de France Lyme et souhaitez repr\u00e9senter notre association vendredi soir aux c\u00f4t\u00e9s de Nassera \u00e0 la librairie Silo\u00e9<\/strong>, \u00e9crivez-nous vite \u00e0 section.doubs@francelyme.fr , en mettant l&rsquo;adresse contact@francelyme.fr en copie !<\/p>\n<p><a href=\"http:\/\/www.francelyme.fr\/WordPress3\/Documents\/2016\/09\/titre_livresenboucle-2.png\"><img loading=\"lazy\" decoding=\"async\" class=\"aligncenter size-medium wp-image-5446\" src=\"http:\/\/www.francelyme.fr\/WordPress3\/Documents\/2016\/09\/titre_livresenboucle-2-300x66.png\" alt=\"titre_livresenboucle-2\" width=\"300\" height=\"66\" srcset=\"https:\/\/francelyme.fr\/site\/wp-content\/uploads\/2016\/09\/titre_livresenboucle-2-300x66.png 300w, https:\/\/francelyme.fr\/site\/wp-content\/uploads\/2016\/09\/titre_livresenboucle-2-768x168.png 768w, https:\/\/francelyme.fr\/site\/wp-content\/uploads\/2016\/09\/titre_livresenboucle-2.png 822w\" sizes=\"auto, (max-width: 300px) 100vw, 300px\" \/><\/a><\/p>\n<p><a href=\"http:\/\/www.francelyme.fr\/WordPress3\/Documents\/2016\/09\/14233222_1361770333848051_7074106298314546138_n.jpg\"><img loading=\"lazy\" decoding=\"async\" class=\"aligncenter size-medium wp-image-5390\" src=\"http:\/\/www.francelyme.fr\/WordPress3\/Documents\/2016\/09\/14233222_1361770333848051_7074106298314546138_n-187x300.jpg\" alt=\"14233222_1361770333848051_7074106298314546138_n\" width=\"187\" height=\"300\" srcset=\"https:\/\/francelyme.fr\/site\/wp-content\/uploads\/2016\/09\/14233222_1361770333848051_7074106298314546138_n-187x300.jpg 187w, https:\/\/francelyme.fr\/site\/wp-content\/uploads\/2016\/09\/14233222_1361770333848051_7074106298314546138_n.jpg 598w\" sizes=\"auto, (max-width: 187px) 100vw, 187px\" \/><\/a><\/p>\n<p>Pr\u00e9sentation officielle de son ouvrage :<br \/>\n<em>\u00ab Par ce livre, je veux t\u00e9moigner de mon parcours, que partagent tant de malades de Lyme. Je ne pr\u00e9tends pas \u00eatre leur porte-parole &#8211; chaque parcours est unique. Je veux seulement apporter ma pierre afin qu&rsquo;un jour, le plus t\u00f4t possible, toute personne piqu\u00e9e par des tiques et pr\u00e9sentant les premiers sympt\u00f4mes de la maladie puisse \u00eatre prise en charge rapidement. La maladie, prise \u00e0 temps, peut \u00eatre \u00e9radiqu\u00e9e en quelques semaines. Ce livre est aussi un hommage \u00e0 ces m\u00e9decins pionniers qui travaillent sur la maladie de Lyme sans rel\u00e2che depuis des ann\u00e9es, souvent incompris de leurs coll\u00e8gues. C&rsquo;est enfin, et d&rsquo;abord, un message d&rsquo;esp\u00e9rance pour tous ceux qui souffrent et que la maladie isole et fragilise. Nous sommes de plus en plus nombreux \u00e0 vouloir nous soutenir et nous entraider sur ce long chemin vers la gu\u00e9rison.<\/em> \u00bb T\u00e9moignage bouleversant d&rsquo;une malade dont la maladie n&rsquo;a \u00e9t\u00e9 diagnostiqu\u00e9e qu&rsquo;en 2015, apr\u00e8s quatre ans de calvaire.<\/p>\n<\/div>\n<div class=\"like-button\" style=\"float: right; clear: both; text-align: right; width = 100%;\">\n<!-- Facebook Like Button Vivacity Infotech BEGIN -->\n<div class=\"fb-like\" data-href=\"https:\/\/francelyme.fr\/site\/france-lyme-au-salon-du-livre-de-besancon-16-18-septembre-2016\/\" data-layout=\"box_count\" data-action=\"like\" data-show-faces=\"false\" data-size=\"large\" data-width=\"450\" data-share=\"1\" ><\/div><\/div>\n<!-- Facebook Like Button Vivacity Infotech END -->\n","protected":false},"excerpt":{"rendered":"","protected":false},"author":1,"featured_media":5446,"comment_status":"closed","ping_status":"closed","sticky":false,"template":"","format":"standard","meta":{"footnotes":""},"categories":[7,65,285],"tags":[70],"class_list":["post-5445","post","type-post","status-publish","format-standard","has-post-thumbnail","hentry","category-actions","category-franche-comte","category-temoignage","tag-livre"],"yoast_head":"<!-- This site is optimized with the Yoast SEO plugin v27.3 - https:\/\/yoast.com\/product\/yoast-seo-wordpress\/ -->\n<title>France Lyme au salon du livre de Besan\u00e7on, 16-18 septembre 2016 - Association France Lyme<\/title>\n<meta name=\"robots\" content=\"index, follow, max-snippet:-1, max-image-preview:large, max-video-preview:-1\" \/>\n<link rel=\"canonical\" href=\"https:\/\/francelyme.fr\/site\/france-lyme-au-salon-du-livre-de-besancon-16-18-septembre-2016\/\" \/>\n<meta property=\"og:locale\" content=\"fr_FR\" \/>\n<meta property=\"og:type\" content=\"article\" \/>\n<meta property=\"og:title\" content=\"France Lyme au salon du livre de Besan\u00e7on, 16-18 septembre 2016 - Association France Lyme\" \/>\n<meta property=\"og:url\" content=\"https:\/\/francelyme.fr\/site\/france-lyme-au-salon-du-livre-de-besancon-16-18-septembre-2016\/\" \/>\n<meta property=\"og:site_name\" content=\"Association France Lyme\" \/>\n<meta property=\"article:publisher\" content=\"https:\/\/www.facebook.com\/france.lyme\" \/>\n<meta property=\"article:published_time\" content=\"2016-09-15T07:52:57+00:00\" \/>\n<meta property=\"article:modified_time\" content=\"2023-06-02T21:30:44+00:00\" \/>\n<meta property=\"og:image\" content=\"https:\/\/francelyme.fr\/site\/wp-content\/uploads\/2016\/09\/titre_livresenboucle-2.png\" \/>\n\t<meta property=\"og:image:width\" content=\"822\" \/>\n\t<meta property=\"og:image:height\" content=\"180\" \/>\n\t<meta property=\"og:image:type\" content=\"image\/png\" \/>\n<meta name=\"author\" content=\"AdminFL\" \/>\n<meta name=\"twitter:card\" content=\"summary_large_image\" \/>\n<meta name=\"twitter:creator\" content=\"@francelyme\" \/>\n<meta name=\"twitter:site\" content=\"@francelyme\" \/>\n<meta name=\"twitter:label1\" content=\"\u00c9crit par\" \/>\n\t<meta name=\"twitter:data1\" content=\"AdminFL\" \/>\n\t<meta name=\"twitter:label2\" content=\"Dur\u00e9e de lecture estim\u00e9e\" \/>\n\t<meta name=\"twitter:data2\" content=\"1 minute\" \/>\n<script type=\"application\/ld+json\" class=\"yoast-schema-graph\">{\"@context\":\"https:\\\/\\\/schema.org\",\"@graph\":[{\"@type\":\"Article\",\"@id\":\"https:\\\/\\\/francelyme.fr\\\/site\\\/france-lyme-au-salon-du-livre-de-besancon-16-18-septembre-2016\\\/#article\",\"isPartOf\":{\"@id\":\"https:\\\/\\\/francelyme.fr\\\/site\\\/france-lyme-au-salon-du-livre-de-besancon-16-18-septembre-2016\\\/\"},\"author\":{\"name\":\"AdminFL\",\"@id\":\"https:\\\/\\\/francelyme.fr\\\/site\\\/#\\\/schema\\\/person\\\/1a2c2689f69ecd6062cfac7d4b12f265\"},\"headline\":\"France Lyme au salon du livre de Besan\u00e7on, 16-18 septembre 2016\",\"datePublished\":\"2016-09-15T07:52:57+00:00\",\"dateModified\":\"2023-06-02T21:30:44+00:00\",\"mainEntityOfPage\":{\"@id\":\"https:\\\/\\\/francelyme.fr\\\/site\\\/france-lyme-au-salon-du-livre-de-besancon-16-18-septembre-2016\\\/\"},\"wordCount\":288,\"publisher\":{\"@id\":\"https:\\\/\\\/francelyme.fr\\\/site\\\/#organization\"},\"image\":{\"@id\":\"https:\\\/\\\/francelyme.fr\\\/site\\\/france-lyme-au-salon-du-livre-de-besancon-16-18-septembre-2016\\\/#primaryimage\"},\"thumbnailUrl\":\"https:\\\/\\\/francelyme.fr\\\/site\\\/wp-content\\\/uploads\\\/2016\\\/09\\\/titre_livresenboucle-2.png\",\"keywords\":[\"livre\"],\"articleSection\":[\"Actions et stands\",\"Franche-Comt\u00e9\",\"T\u00e9moignage\"],\"inLanguage\":\"fr-FR\"},{\"@type\":\"WebPage\",\"@id\":\"https:\\\/\\\/francelyme.fr\\\/site\\\/france-lyme-au-salon-du-livre-de-besancon-16-18-septembre-2016\\\/\",\"url\":\"https:\\\/\\\/francelyme.fr\\\/site\\\/france-lyme-au-salon-du-livre-de-besancon-16-18-septembre-2016\\\/\",\"name\":\"France Lyme au salon du livre de Besan\u00e7on, 16-18 septembre 2016 - Association France Lyme\",\"isPartOf\":{\"@id\":\"https:\\\/\\\/francelyme.fr\\\/site\\\/#website\"},\"primaryImageOfPage\":{\"@id\":\"https:\\\/\\\/francelyme.fr\\\/site\\\/france-lyme-au-salon-du-livre-de-besancon-16-18-septembre-2016\\\/#primaryimage\"},\"image\":{\"@id\":\"https:\\\/\\\/francelyme.fr\\\/site\\\/france-lyme-au-salon-du-livre-de-besancon-16-18-septembre-2016\\\/#primaryimage\"},\"thumbnailUrl\":\"https:\\\/\\\/francelyme.fr\\\/site\\\/wp-content\\\/uploads\\\/2016\\\/09\\\/titre_livresenboucle-2.png\",\"datePublished\":\"2016-09-15T07:52:57+00:00\",\"dateModified\":\"2023-06-02T21:30:44+00:00\",\"breadcrumb\":{\"@id\":\"https:\\\/\\\/francelyme.fr\\\/site\\\/france-lyme-au-salon-du-livre-de-besancon-16-18-septembre-2016\\\/#breadcrumb\"},\"inLanguage\":\"fr-FR\",\"potentialAction\":[{\"@type\":\"ReadAction\",\"target\":[\"https:\\\/\\\/francelyme.fr\\\/site\\\/france-lyme-au-salon-du-livre-de-besancon-16-18-septembre-2016\\\/\"]}]},{\"@type\":\"ImageObject\",\"inLanguage\":\"fr-FR\",\"@id\":\"https:\\\/\\\/francelyme.fr\\\/site\\\/france-lyme-au-salon-du-livre-de-besancon-16-18-septembre-2016\\\/#primaryimage\",\"url\":\"https:\\\/\\\/francelyme.fr\\\/site\\\/wp-content\\\/uploads\\\/2016\\\/09\\\/titre_livresenboucle-2.png\",\"contentUrl\":\"https:\\\/\\\/francelyme.fr\\\/site\\\/wp-content\\\/uploads\\\/2016\\\/09\\\/titre_livresenboucle-2.png\",\"width\":822,\"height\":180,\"caption\":\"\"},{\"@type\":\"BreadcrumbList\",\"@id\":\"https:\\\/\\\/francelyme.fr\\\/site\\\/france-lyme-au-salon-du-livre-de-besancon-16-18-septembre-2016\\\/#breadcrumb\",\"itemListElement\":[{\"@type\":\"ListItem\",\"position\":1,\"name\":\"Accueil\",\"item\":\"https:\\\/\\\/francelyme.fr\\\/site\\\/\"},{\"@type\":\"ListItem\",\"position\":2,\"name\":\"France Lyme au salon du livre de Besan\u00e7on, 16-18 septembre 2016\"}]},{\"@type\":\"WebSite\",\"@id\":\"https:\\\/\\\/francelyme.fr\\\/site\\\/#website\",\"url\":\"https:\\\/\\\/francelyme.fr\\\/site\\\/\",\"name\":\"Association France Lyme\",\"description\":\"Association de lutte contre les maladies vectorielles \u00e0 tiques\",\"publisher\":{\"@id\":\"https:\\\/\\\/francelyme.fr\\\/site\\\/#organization\"},\"potentialAction\":[{\"@type\":\"SearchAction\",\"target\":{\"@type\":\"EntryPoint\",\"urlTemplate\":\"https:\\\/\\\/francelyme.fr\\\/site\\\/?s={search_term_string}\"},\"query-input\":{\"@type\":\"PropertyValueSpecification\",\"valueRequired\":true,\"valueName\":\"search_term_string\"}}],\"inLanguage\":\"fr-FR\"},{\"@type\":\"Organization\",\"@id\":\"https:\\\/\\\/francelyme.fr\\\/site\\\/#organization\",\"name\":\"France Lyme\",\"url\":\"https:\\\/\\\/francelyme.fr\\\/site\\\/\",\"logo\":{\"@type\":\"ImageObject\",\"inLanguage\":\"fr-FR\",\"@id\":\"https:\\\/\\\/francelyme.fr\\\/site\\\/#\\\/schema\\\/logo\\\/image\\\/\",\"url\":\"https:\\\/\\\/francelyme.fr\\\/site\\\/wp-content\\\/uploads\\\/2019\\\/05\\\/francelyme-site.gif\",\"contentUrl\":\"https:\\\/\\\/francelyme.fr\\\/site\\\/wp-content\\\/uploads\\\/2019\\\/05\\\/francelyme-site.gif\",\"width\":180,\"height\":180,\"caption\":\"France Lyme\"},\"image\":{\"@id\":\"https:\\\/\\\/francelyme.fr\\\/site\\\/#\\\/schema\\\/logo\\\/image\\\/\"},\"sameAs\":[\"https:\\\/\\\/www.facebook.com\\\/france.lyme\",\"https:\\\/\\\/x.com\\\/francelyme\",\"https:\\\/\\\/www.youtube.com\\\/channel\\\/UClMCGl3dvkz0iAgXFR1NH1A\"]},{\"@type\":\"Person\",\"@id\":\"https:\\\/\\\/francelyme.fr\\\/site\\\/#\\\/schema\\\/person\\\/1a2c2689f69ecd6062cfac7d4b12f265\",\"name\":\"AdminFL\",\"image\":{\"@type\":\"ImageObject\",\"inLanguage\":\"fr-FR\",\"@id\":\"https:\\\/\\\/secure.gravatar.com\\\/avatar\\\/4920874779d1914d5cba6d6dc7a2f20c832bb43238e659994a133a63cb03c29e?s=96&d=mm&r=g\",\"url\":\"https:\\\/\\\/secure.gravatar.com\\\/avatar\\\/4920874779d1914d5cba6d6dc7a2f20c832bb43238e659994a133a63cb03c29e?s=96&d=mm&r=g\",\"contentUrl\":\"https:\\\/\\\/secure.gravatar.com\\\/avatar\\\/4920874779d1914d5cba6d6dc7a2f20c832bb43238e659994a133a63cb03c29e?s=96&d=mm&r=g\",\"caption\":\"AdminFL\"},\"url\":\"https:\\\/\\\/francelyme.fr\\\/site\\\/author\\\/fralymadm\\\/\"}]}<\/script>\n<!-- \/ Yoast SEO plugin. -->","yoast_head_json":{"title":"France Lyme au salon du livre de Besan\u00e7on, 16-18 septembre 2016 - Association France Lyme","robots":{"index":"index","follow":"follow","max-snippet":"max-snippet:-1","max-image-preview":"max-image-preview:large","max-video-preview":"max-video-preview:-1"},"canonical":"https:\/\/francelyme.fr\/site\/france-lyme-au-salon-du-livre-de-besancon-16-18-septembre-2016\/","og_locale":"fr_FR","og_type":"article","og_title":"France Lyme au salon du livre de Besan\u00e7on, 16-18 septembre 2016 - Association France Lyme","og_url":"https:\/\/francelyme.fr\/site\/france-lyme-au-salon-du-livre-de-besancon-16-18-septembre-2016\/","og_site_name":"Association France Lyme","article_publisher":"https:\/\/www.facebook.com\/france.lyme","article_published_time":"2016-09-15T07:52:57+00:00","article_modified_time":"2023-06-02T21:30:44+00:00","og_image":[{"width":822,"height":180,"url":"https:\/\/francelyme.fr\/site\/wp-content\/uploads\/2016\/09\/titre_livresenboucle-2.png","type":"image\/png"}],"author":"AdminFL","twitter_card":"summary_large_image","twitter_creator":"@francelyme","twitter_site":"@francelyme","twitter_misc":{"\u00c9crit par":"AdminFL","Dur\u00e9e de lecture estim\u00e9e":"1 minute"},"schema":{"@context":"https:\/\/schema.org","@graph":[{"@type":"Article","@id":"https:\/\/francelyme.fr\/site\/france-lyme-au-salon-du-livre-de-besancon-16-18-septembre-2016\/#article","isPartOf":{"@id":"https:\/\/francelyme.fr\/site\/france-lyme-au-salon-du-livre-de-besancon-16-18-septembre-2016\/"},"author":{"name":"AdminFL","@id":"https:\/\/francelyme.fr\/site\/#\/schema\/person\/1a2c2689f69ecd6062cfac7d4b12f265"},"headline":"France Lyme au salon du livre de Besan\u00e7on, 16-18 septembre 2016","datePublished":"2016-09-15T07:52:57+00:00","dateModified":"2023-06-02T21:30:44+00:00","mainEntityOfPage":{"@id":"https:\/\/francelyme.fr\/site\/france-lyme-au-salon-du-livre-de-besancon-16-18-septembre-2016\/"},"wordCount":288,"publisher":{"@id":"https:\/\/francelyme.fr\/site\/#organization"},"image":{"@id":"https:\/\/francelyme.fr\/site\/france-lyme-au-salon-du-livre-de-besancon-16-18-septembre-2016\/#primaryimage"},"thumbnailUrl":"https:\/\/francelyme.fr\/site\/wp-content\/uploads\/2016\/09\/titre_livresenboucle-2.png","keywords":["livre"],"articleSection":["Actions et stands","Franche-Comt\u00e9","T\u00e9moignage"],"inLanguage":"fr-FR"},{"@type":"WebPage","@id":"https:\/\/francelyme.fr\/site\/france-lyme-au-salon-du-livre-de-besancon-16-18-septembre-2016\/","url":"https:\/\/francelyme.fr\/site\/france-lyme-au-salon-du-livre-de-besancon-16-18-septembre-2016\/","name":"France Lyme au salon du livre de Besan\u00e7on, 16-18 septembre 2016 - Association France Lyme","isPartOf":{"@id":"https:\/\/francelyme.fr\/site\/#website"},"primaryImageOfPage":{"@id":"https:\/\/francelyme.fr\/site\/france-lyme-au-salon-du-livre-de-besancon-16-18-septembre-2016\/#primaryimage"},"image":{"@id":"https:\/\/francelyme.fr\/site\/france-lyme-au-salon-du-livre-de-besancon-16-18-septembre-2016\/#primaryimage"},"thumbnailUrl":"https:\/\/francelyme.fr\/site\/wp-content\/uploads\/2016\/09\/titre_livresenboucle-2.png","datePublished":"2016-09-15T07:52:57+00:00","dateModified":"2023-06-02T21:30:44+00:00","breadcrumb":{"@id":"https:\/\/francelyme.fr\/site\/france-lyme-au-salon-du-livre-de-besancon-16-18-septembre-2016\/#breadcrumb"},"inLanguage":"fr-FR","potentialAction":[{"@type":"ReadAction","target":["https:\/\/francelyme.fr\/site\/france-lyme-au-salon-du-livre-de-besancon-16-18-septembre-2016\/"]}]},{"@type":"ImageObject","inLanguage":"fr-FR","@id":"https:\/\/francelyme.fr\/site\/france-lyme-au-salon-du-livre-de-besancon-16-18-septembre-2016\/#primaryimage","url":"https:\/\/francelyme.fr\/site\/wp-content\/uploads\/2016\/09\/titre_livresenboucle-2.png","contentUrl":"https:\/\/francelyme.fr\/site\/wp-content\/uploads\/2016\/09\/titre_livresenboucle-2.png","width":822,"height":180,"caption":""},{"@type":"BreadcrumbList","@id":"https:\/\/francelyme.fr\/site\/france-lyme-au-salon-du-livre-de-besancon-16-18-septembre-2016\/#breadcrumb","itemListElement":[{"@type":"ListItem","position":1,"name":"Accueil","item":"https:\/\/francelyme.fr\/site\/"},{"@type":"ListItem","position":2,"name":"France Lyme au salon du livre de Besan\u00e7on, 16-18 septembre 2016"}]},{"@type":"WebSite","@id":"https:\/\/francelyme.fr\/site\/#website","url":"https:\/\/francelyme.fr\/site\/","name":"Association France Lyme","description":"Association de lutte contre les maladies vectorielles \u00e0 tiques","publisher":{"@id":"https:\/\/francelyme.fr\/site\/#organization"},"potentialAction":[{"@type":"SearchAction","target":{"@type":"EntryPoint","urlTemplate":"https:\/\/francelyme.fr\/site\/?s={search_term_string}"},"query-input":{"@type":"PropertyValueSpecification","valueRequired":true,"valueName":"search_term_string"}}],"inLanguage":"fr-FR"},{"@type":"Organization","@id":"https:\/\/francelyme.fr\/site\/#organization","name":"France Lyme","url":"https:\/\/francelyme.fr\/site\/","logo":{"@type":"ImageObject","inLanguage":"fr-FR","@id":"https:\/\/francelyme.fr\/site\/#\/schema\/logo\/image\/","url":"https:\/\/francelyme.fr\/site\/wp-content\/uploads\/2019\/05\/francelyme-site.gif","contentUrl":"https:\/\/francelyme.fr\/site\/wp-content\/uploads\/2019\/05\/francelyme-site.gif","width":180,"height":180,"caption":"France Lyme"},"image":{"@id":"https:\/\/francelyme.fr\/site\/#\/schema\/logo\/image\/"},"sameAs":["https:\/\/www.facebook.com\/france.lyme","https:\/\/x.com\/francelyme","https:\/\/www.youtube.com\/channel\/UClMCGl3dvkz0iAgXFR1NH1A"]},{"@type":"Person","@id":"https:\/\/francelyme.fr\/site\/#\/schema\/person\/1a2c2689f69ecd6062cfac7d4b12f265","name":"AdminFL","image":{"@type":"ImageObject","inLanguage":"fr-FR","@id":"https:\/\/secure.gravatar.com\/avatar\/4920874779d1914d5cba6d6dc7a2f20c832bb43238e659994a133a63cb03c29e?s=96&d=mm&r=g","url":"https:\/\/secure.gravatar.com\/avatar\/4920874779d1914d5cba6d6dc7a2f20c832bb43238e659994a133a63cb03c29e?s=96&d=mm&r=g","contentUrl":"https:\/\/secure.gravatar.com\/avatar\/4920874779d1914d5cba6d6dc7a2f20c832bb43238e659994a133a63cb03c29e?s=96&d=mm&r=g","caption":"AdminFL"},"url":"https:\/\/francelyme.fr\/site\/author\/fralymadm\/"}]}},"_links":{"self":[{"href":"https:\/\/francelyme.fr\/site\/wp-json\/wp\/v2\/posts\/5445","targetHints":{"allow":["GET"]}}],"collection":[{"href":"https:\/\/francelyme.fr\/site\/wp-json\/wp\/v2\/posts"}],"about":[{"href":"https:\/\/francelyme.fr\/site\/wp-json\/wp\/v2\/types\/post"}],"author":[{"embeddable":true,"href":"https:\/\/francelyme.fr\/site\/wp-json\/wp\/v2\/users\/1"}],"replies":[{"embeddable":true,"href":"https:\/\/francelyme.fr\/site\/wp-json\/wp\/v2\/comments?post=5445"}],"version-history":[{"count":1,"href":"https:\/\/francelyme.fr\/site\/wp-json\/wp\/v2\/posts\/5445\/revisions"}],"predecessor-version":[{"id":14671,"href":"https:\/\/francelyme.fr\/site\/wp-json\/wp\/v2\/posts\/5445\/revisions\/14671"}],"wp:featuredmedia":[{"embeddable":true,"href":"https:\/\/francelyme.fr\/site\/wp-json\/wp\/v2\/media\/5446"}],"wp:attachment":[{"href":"https:\/\/francelyme.fr\/site\/wp-json\/wp\/v2\/media?parent=5445"}],"wp:term":[{"taxonomy":"category","embeddable":true,"href":"https:\/\/francelyme.fr\/site\/wp-json\/wp\/v2\/categories?post=5445"},{"taxonomy":"post_tag","embeddable":true,"href":"https:\/\/francelyme.fr\/site\/wp-json\/wp\/v2\/tags?post=5445"}],"curies":[{"name":"wp","href":"https:\/\/api.w.org\/{rel}","templated":true}]}}