{"id":6582,"date":"2017-10-03T15:51:02","date_gmt":"2017-10-03T13:51:02","guid":{"rendered":"http:\/\/francelyme.fr\/?p=6582"},"modified":"2017-10-03T15:51:02","modified_gmt":"2017-10-03T13:51:02","slug":"piece-de-theatre-12-hommes-en-colere-section-vendee-du-211017-au-151217","status":"publish","type":"post","link":"https:\/\/francelyme.fr\/site\/piece-de-theatre-12-hommes-en-colere-section-vendee-du-211017-au-151217\/","title":{"rendered":"Pi\u00e8ce de th\u00e9\u00e2tre \u00a0\u00bb 12 Hommes En Col\u00e8re\u00a0\u00bb, section Vend\u00e9e, du 21\/10\/17 au 15\/12\/17"},"content":{"rendered":"<div class=\"like-button\" style=\"float: right; clear: both; text-align: right; width = 100%;\">\n<!-- Facebook Like Button Vivacity Infotech BEGIN -->\n<div class=\"fb-like\" data-href=\"https:\/\/francelyme.fr\/site\/piece-de-theatre-12-hommes-en-colere-section-vendee-du-211017-au-151217\/\" data-layout=\"box_count\" data-action=\"like\" data-show-faces=\"false\" data-size=\"large\" data-width=\"450\" data-share=\"1\" ><\/div><\/div>\n<!-- Facebook Like Button Vivacity Infotech END -->\n<div id=\"fb-root\"><\/div>\n<p>\t\t\t\tLa section Vend\u00e9e vous invite au th\u00e9\u00e2tre. Courez-y !<\/p>\n<p>Le texte de cette pi\u00e8ce est superbe et ce huis clos oblige \u00e0 se poser des questions sur la v\u00e9rit\u00e9, sur la justice, sur les relations entre les \u00eatres humains, sur le doute &#8230;<br \/>\nLa Compagnie des Lumi\u00e8res jouera au profit de 5 associations caritatives dont France Lyme.<\/p>\n<p>&nbsp;<\/p>\n<p><a href=\"http:\/\/francelyme.fr\/site\/wp-content\/uploads\/2017\/10\/22008116_1872413676117045_7096989341725725472_n.jpg\"><img loading=\"lazy\" decoding=\"async\" class=\"aligncenter size-medium wp-image-6584\" src=\"http:\/\/www.francelyme.fr\/WordPress3\/Documents\/2017\/10\/22008116_1872413676117045_7096989341725725472_n-277x300.jpg\" alt=\"\" width=\"277\" height=\"300\" srcset=\"https:\/\/francelyme.fr\/site\/wp-content\/uploads\/2017\/10\/22008116_1872413676117045_7096989341725725472_n-277x300.jpg 277w, https:\/\/francelyme.fr\/site\/wp-content\/uploads\/2017\/10\/22008116_1872413676117045_7096989341725725472_n-768x831.jpg 768w, https:\/\/francelyme.fr\/site\/wp-content\/uploads\/2017\/10\/22008116_1872413676117045_7096989341725725472_n.jpg 887w\" sizes=\"auto, (max-width: 277px) 100vw, 277px\" \/><\/a><br \/>\nToutes les dates du 21 octobre au 15 d\u00e9cembre sont \u00e0 consulter ci-dessous :<\/p>\n<p>&nbsp;<\/p>\n<p><a href=\"http:\/\/francelyme.fr\/site\/wp-content\/uploads\/2017\/10\/22047808_1872277416130671_4288665631927337346_o.jpg\"><img loading=\"lazy\" decoding=\"async\" class=\"aligncenter  wp-image-6583\" src=\"http:\/\/www.francelyme.fr\/WordPress3\/Documents\/2017\/10\/22047808_1872277416130671_4288665631927337346_o-300x106.jpg\" alt=\"\" width=\"453\" height=\"160\" srcset=\"https:\/\/francelyme.fr\/site\/wp-content\/uploads\/2017\/10\/22047808_1872277416130671_4288665631927337346_o-300x106.jpg 300w, https:\/\/francelyme.fr\/site\/wp-content\/uploads\/2017\/10\/22047808_1872277416130671_4288665631927337346_o-768x271.jpg 768w, https:\/\/francelyme.fr\/site\/wp-content\/uploads\/2017\/10\/22047808_1872277416130671_4288665631927337346_o-1024x362.jpg 1024w, https:\/\/francelyme.fr\/site\/wp-content\/uploads\/2017\/10\/22047808_1872277416130671_4288665631927337346_o.jpg 1161w\" sizes=\"auto, (max-width: 453px) 100vw, 453px\" \/><\/a><\/p>\n<p>&nbsp;\t\t<\/p>\n<div class=\"like-button\" style=\"float: right; clear: both; text-align: right; width = 100%;\">\n<!-- Facebook Like Button Vivacity Infotech BEGIN -->\n<div class=\"fb-like\" data-href=\"https:\/\/francelyme.fr\/site\/piece-de-theatre-12-hommes-en-colere-section-vendee-du-211017-au-151217\/\" data-layout=\"box_count\" data-action=\"like\" data-show-faces=\"false\" data-size=\"large\" data-width=\"450\" data-share=\"1\" ><\/div><\/div>\n<!-- Facebook Like Button Vivacity Infotech END -->\n","protected":false},"excerpt":{"rendered":"","protected":false},"author":1,"featured_media":6584,"comment_status":"closed","ping_status":"closed","sticky":false,"template":"","format":"standard","meta":{"footnotes":""},"categories":[38,62],"tags":[],"class_list":["post-6582","post","type-post","status-publish","format-standard","has-post-thumbnail","hentry","category-en-regions","category-pays-de-la-loire"],"yoast_head":"<!-- This site is optimized with the Yoast SEO plugin v27.5 - https:\/\/yoast.com\/product\/yoast-seo-wordpress\/ -->\n<title>Pi\u00e8ce de th\u00e9\u00e2tre &quot; 12 Hommes En Col\u00e8re&quot;, section Vend\u00e9e, du 21\/10\/17 au 15\/12\/17 - Association France Lyme<\/title>\n<meta name=\"robots\" content=\"index, follow, max-snippet:-1, max-image-preview:large, max-video-preview:-1\" \/>\n<link rel=\"canonical\" href=\"https:\/\/francelyme.fr\/site\/piece-de-theatre-12-hommes-en-colere-section-vendee-du-211017-au-151217\/\" \/>\n<meta property=\"og:locale\" content=\"fr_FR\" \/>\n<meta property=\"og:type\" content=\"article\" \/>\n<meta property=\"og:title\" content=\"Pi\u00e8ce de th\u00e9\u00e2tre &quot; 12 Hommes En Col\u00e8re&quot;, section Vend\u00e9e, du 21\/10\/17 au 15\/12\/17 - Association France Lyme\" \/>\n<meta property=\"og:url\" content=\"https:\/\/francelyme.fr\/site\/piece-de-theatre-12-hommes-en-colere-section-vendee-du-211017-au-151217\/\" \/>\n<meta property=\"og:site_name\" content=\"Association France Lyme\" \/>\n<meta property=\"article:publisher\" content=\"https:\/\/www.facebook.com\/france.lyme\" \/>\n<meta property=\"article:published_time\" content=\"2017-10-03T13:51:02+00:00\" \/>\n<meta property=\"og:image\" content=\"https:\/\/francelyme.fr\/site\/wp-content\/uploads\/2017\/10\/22008116_1872413676117045_7096989341725725472_n.jpg\" \/>\n\t<meta property=\"og:image:width\" content=\"887\" \/>\n\t<meta property=\"og:image:height\" content=\"960\" \/>\n\t<meta property=\"og:image:type\" content=\"image\/jpeg\" \/>\n<meta name=\"author\" content=\"AdminFL\" \/>\n<meta name=\"twitter:card\" content=\"summary_large_image\" \/>\n<meta name=\"twitter:creator\" content=\"@francelyme\" \/>\n<meta name=\"twitter:site\" content=\"@francelyme\" \/>\n<meta name=\"twitter:label1\" content=\"\u00c9crit par\" \/>\n\t<meta name=\"twitter:data1\" content=\"AdminFL\" \/>\n<script type=\"application\/ld+json\" class=\"yoast-schema-graph\">{\"@context\":\"https:\\\/\\\/schema.org\",\"@graph\":[{\"@type\":\"Article\",\"@id\":\"https:\\\/\\\/francelyme.fr\\\/site\\\/piece-de-theatre-12-hommes-en-colere-section-vendee-du-211017-au-151217\\\/#article\",\"isPartOf\":{\"@id\":\"https:\\\/\\\/francelyme.fr\\\/site\\\/piece-de-theatre-12-hommes-en-colere-section-vendee-du-211017-au-151217\\\/\"},\"author\":{\"name\":\"AdminFL\",\"@id\":\"https:\\\/\\\/francelyme.fr\\\/site\\\/#\\\/schema\\\/person\\\/1a2c2689f69ecd6062cfac7d4b12f265\"},\"headline\":\"Pi\u00e8ce de th\u00e9\u00e2tre \u00a0\u00bb 12 Hommes En Col\u00e8re\u00a0\u00bb, section Vend\u00e9e, du 21\\\/10\\\/17 au 15\\\/12\\\/17\",\"datePublished\":\"2017-10-03T13:51:02+00:00\",\"mainEntityOfPage\":{\"@id\":\"https:\\\/\\\/francelyme.fr\\\/site\\\/piece-de-theatre-12-hommes-en-colere-section-vendee-du-211017-au-151217\\\/\"},\"wordCount\":86,\"publisher\":{\"@id\":\"https:\\\/\\\/francelyme.fr\\\/site\\\/#organization\"},\"image\":{\"@id\":\"https:\\\/\\\/francelyme.fr\\\/site\\\/piece-de-theatre-12-hommes-en-colere-section-vendee-du-211017-au-151217\\\/#primaryimage\"},\"thumbnailUrl\":\"https:\\\/\\\/francelyme.fr\\\/site\\\/wp-content\\\/uploads\\\/2017\\\/10\\\/22008116_1872413676117045_7096989341725725472_n.jpg\",\"articleSection\":[\"En r\u00e9gions\",\"Pays de la Loire\"],\"inLanguage\":\"fr-FR\"},{\"@type\":\"WebPage\",\"@id\":\"https:\\\/\\\/francelyme.fr\\\/site\\\/piece-de-theatre-12-hommes-en-colere-section-vendee-du-211017-au-151217\\\/\",\"url\":\"https:\\\/\\\/francelyme.fr\\\/site\\\/piece-de-theatre-12-hommes-en-colere-section-vendee-du-211017-au-151217\\\/\",\"name\":\"Pi\u00e8ce de th\u00e9\u00e2tre \\\" 12 Hommes En Col\u00e8re\\\", section Vend\u00e9e, du 21\\\/10\\\/17 au 15\\\/12\\\/17 - Association France Lyme\",\"isPartOf\":{\"@id\":\"https:\\\/\\\/francelyme.fr\\\/site\\\/#website\"},\"primaryImageOfPage\":{\"@id\":\"https:\\\/\\\/francelyme.fr\\\/site\\\/piece-de-theatre-12-hommes-en-colere-section-vendee-du-211017-au-151217\\\/#primaryimage\"},\"image\":{\"@id\":\"https:\\\/\\\/francelyme.fr\\\/site\\\/piece-de-theatre-12-hommes-en-colere-section-vendee-du-211017-au-151217\\\/#primaryimage\"},\"thumbnailUrl\":\"https:\\\/\\\/francelyme.fr\\\/site\\\/wp-content\\\/uploads\\\/2017\\\/10\\\/22008116_1872413676117045_7096989341725725472_n.jpg\",\"datePublished\":\"2017-10-03T13:51:02+00:00\",\"breadcrumb\":{\"@id\":\"https:\\\/\\\/francelyme.fr\\\/site\\\/piece-de-theatre-12-hommes-en-colere-section-vendee-du-211017-au-151217\\\/#breadcrumb\"},\"inLanguage\":\"fr-FR\",\"potentialAction\":[{\"@type\":\"ReadAction\",\"target\":[\"https:\\\/\\\/francelyme.fr\\\/site\\\/piece-de-theatre-12-hommes-en-colere-section-vendee-du-211017-au-151217\\\/\"]}]},{\"@type\":\"ImageObject\",\"inLanguage\":\"fr-FR\",\"@id\":\"https:\\\/\\\/francelyme.fr\\\/site\\\/piece-de-theatre-12-hommes-en-colere-section-vendee-du-211017-au-151217\\\/#primaryimage\",\"url\":\"https:\\\/\\\/francelyme.fr\\\/site\\\/wp-content\\\/uploads\\\/2017\\\/10\\\/22008116_1872413676117045_7096989341725725472_n.jpg\",\"contentUrl\":\"https:\\\/\\\/francelyme.fr\\\/site\\\/wp-content\\\/uploads\\\/2017\\\/10\\\/22008116_1872413676117045_7096989341725725472_n.jpg\",\"width\":887,\"height\":960,\"caption\":\"\"},{\"@type\":\"BreadcrumbList\",\"@id\":\"https:\\\/\\\/francelyme.fr\\\/site\\\/piece-de-theatre-12-hommes-en-colere-section-vendee-du-211017-au-151217\\\/#breadcrumb\",\"itemListElement\":[{\"@type\":\"ListItem\",\"position\":1,\"name\":\"Accueil\",\"item\":\"https:\\\/\\\/francelyme.fr\\\/site\\\/\"},{\"@type\":\"ListItem\",\"position\":2,\"name\":\"Pi\u00e8ce de th\u00e9\u00e2tre &#8221; 12 Hommes En Col\u00e8re&#8221;, section Vend\u00e9e, du 21\\\/10\\\/17 au 15\\\/12\\\/17\"}]},{\"@type\":\"WebSite\",\"@id\":\"https:\\\/\\\/francelyme.fr\\\/site\\\/#website\",\"url\":\"https:\\\/\\\/francelyme.fr\\\/site\\\/\",\"name\":\"Association France Lyme\",\"description\":\"Association de lutte contre les maladies vectorielles \u00e0 tiques\",\"publisher\":{\"@id\":\"https:\\\/\\\/francelyme.fr\\\/site\\\/#organization\"},\"potentialAction\":[{\"@type\":\"SearchAction\",\"target\":{\"@type\":\"EntryPoint\",\"urlTemplate\":\"https:\\\/\\\/francelyme.fr\\\/site\\\/?s={search_term_string}\"},\"query-input\":{\"@type\":\"PropertyValueSpecification\",\"valueRequired\":true,\"valueName\":\"search_term_string\"}}],\"inLanguage\":\"fr-FR\"},{\"@type\":\"Organization\",\"@id\":\"https:\\\/\\\/francelyme.fr\\\/site\\\/#organization\",\"name\":\"France Lyme\",\"url\":\"https:\\\/\\\/francelyme.fr\\\/site\\\/\",\"logo\":{\"@type\":\"ImageObject\",\"inLanguage\":\"fr-FR\",\"@id\":\"https:\\\/\\\/francelyme.fr\\\/site\\\/#\\\/schema\\\/logo\\\/image\\\/\",\"url\":\"https:\\\/\\\/francelyme.fr\\\/site\\\/wp-content\\\/uploads\\\/2019\\\/05\\\/francelyme-site.gif\",\"contentUrl\":\"https:\\\/\\\/francelyme.fr\\\/site\\\/wp-content\\\/uploads\\\/2019\\\/05\\\/francelyme-site.gif\",\"width\":180,\"height\":180,\"caption\":\"France Lyme\"},\"image\":{\"@id\":\"https:\\\/\\\/francelyme.fr\\\/site\\\/#\\\/schema\\\/logo\\\/image\\\/\"},\"sameAs\":[\"https:\\\/\\\/www.facebook.com\\\/france.lyme\",\"https:\\\/\\\/x.com\\\/francelyme\",\"https:\\\/\\\/www.youtube.com\\\/channel\\\/UClMCGl3dvkz0iAgXFR1NH1A\"]},{\"@type\":\"Person\",\"@id\":\"https:\\\/\\\/francelyme.fr\\\/site\\\/#\\\/schema\\\/person\\\/1a2c2689f69ecd6062cfac7d4b12f265\",\"name\":\"AdminFL\",\"image\":{\"@type\":\"ImageObject\",\"inLanguage\":\"fr-FR\",\"@id\":\"https:\\\/\\\/secure.gravatar.com\\\/avatar\\\/4920874779d1914d5cba6d6dc7a2f20c832bb43238e659994a133a63cb03c29e?s=96&d=mm&r=g\",\"url\":\"https:\\\/\\\/secure.gravatar.com\\\/avatar\\\/4920874779d1914d5cba6d6dc7a2f20c832bb43238e659994a133a63cb03c29e?s=96&d=mm&r=g\",\"contentUrl\":\"https:\\\/\\\/secure.gravatar.com\\\/avatar\\\/4920874779d1914d5cba6d6dc7a2f20c832bb43238e659994a133a63cb03c29e?s=96&d=mm&r=g\",\"caption\":\"AdminFL\"},\"url\":\"https:\\\/\\\/francelyme.fr\\\/site\\\/author\\\/fralymadm\\\/\"}]}<\/script>\n<!-- \/ Yoast SEO plugin. -->","yoast_head_json":{"title":"Pi\u00e8ce de th\u00e9\u00e2tre \" 12 Hommes En Col\u00e8re\", section Vend\u00e9e, du 21\/10\/17 au 15\/12\/17 - Association France Lyme","robots":{"index":"index","follow":"follow","max-snippet":"max-snippet:-1","max-image-preview":"max-image-preview:large","max-video-preview":"max-video-preview:-1"},"canonical":"https:\/\/francelyme.fr\/site\/piece-de-theatre-12-hommes-en-colere-section-vendee-du-211017-au-151217\/","og_locale":"fr_FR","og_type":"article","og_title":"Pi\u00e8ce de th\u00e9\u00e2tre \" 12 Hommes En Col\u00e8re\", section Vend\u00e9e, du 21\/10\/17 au 15\/12\/17 - Association France Lyme","og_url":"https:\/\/francelyme.fr\/site\/piece-de-theatre-12-hommes-en-colere-section-vendee-du-211017-au-151217\/","og_site_name":"Association France Lyme","article_publisher":"https:\/\/www.facebook.com\/france.lyme","article_published_time":"2017-10-03T13:51:02+00:00","og_image":[{"width":887,"height":960,"url":"https:\/\/francelyme.fr\/site\/wp-content\/uploads\/2017\/10\/22008116_1872413676117045_7096989341725725472_n.jpg","type":"image\/jpeg"}],"author":"AdminFL","twitter_card":"summary_large_image","twitter_creator":"@francelyme","twitter_site":"@francelyme","twitter_misc":{"\u00c9crit par":"AdminFL"},"schema":{"@context":"https:\/\/schema.org","@graph":[{"@type":"Article","@id":"https:\/\/francelyme.fr\/site\/piece-de-theatre-12-hommes-en-colere-section-vendee-du-211017-au-151217\/#article","isPartOf":{"@id":"https:\/\/francelyme.fr\/site\/piece-de-theatre-12-hommes-en-colere-section-vendee-du-211017-au-151217\/"},"author":{"name":"AdminFL","@id":"https:\/\/francelyme.fr\/site\/#\/schema\/person\/1a2c2689f69ecd6062cfac7d4b12f265"},"headline":"Pi\u00e8ce de th\u00e9\u00e2tre \u00a0\u00bb 12 Hommes En Col\u00e8re\u00a0\u00bb, section Vend\u00e9e, du 21\/10\/17 au 15\/12\/17","datePublished":"2017-10-03T13:51:02+00:00","mainEntityOfPage":{"@id":"https:\/\/francelyme.fr\/site\/piece-de-theatre-12-hommes-en-colere-section-vendee-du-211017-au-151217\/"},"wordCount":86,"publisher":{"@id":"https:\/\/francelyme.fr\/site\/#organization"},"image":{"@id":"https:\/\/francelyme.fr\/site\/piece-de-theatre-12-hommes-en-colere-section-vendee-du-211017-au-151217\/#primaryimage"},"thumbnailUrl":"https:\/\/francelyme.fr\/site\/wp-content\/uploads\/2017\/10\/22008116_1872413676117045_7096989341725725472_n.jpg","articleSection":["En r\u00e9gions","Pays de la Loire"],"inLanguage":"fr-FR"},{"@type":"WebPage","@id":"https:\/\/francelyme.fr\/site\/piece-de-theatre-12-hommes-en-colere-section-vendee-du-211017-au-151217\/","url":"https:\/\/francelyme.fr\/site\/piece-de-theatre-12-hommes-en-colere-section-vendee-du-211017-au-151217\/","name":"Pi\u00e8ce de th\u00e9\u00e2tre \" 12 Hommes En Col\u00e8re\", section Vend\u00e9e, du 21\/10\/17 au 15\/12\/17 - Association France Lyme","isPartOf":{"@id":"https:\/\/francelyme.fr\/site\/#website"},"primaryImageOfPage":{"@id":"https:\/\/francelyme.fr\/site\/piece-de-theatre-12-hommes-en-colere-section-vendee-du-211017-au-151217\/#primaryimage"},"image":{"@id":"https:\/\/francelyme.fr\/site\/piece-de-theatre-12-hommes-en-colere-section-vendee-du-211017-au-151217\/#primaryimage"},"thumbnailUrl":"https:\/\/francelyme.fr\/site\/wp-content\/uploads\/2017\/10\/22008116_1872413676117045_7096989341725725472_n.jpg","datePublished":"2017-10-03T13:51:02+00:00","breadcrumb":{"@id":"https:\/\/francelyme.fr\/site\/piece-de-theatre-12-hommes-en-colere-section-vendee-du-211017-au-151217\/#breadcrumb"},"inLanguage":"fr-FR","potentialAction":[{"@type":"ReadAction","target":["https:\/\/francelyme.fr\/site\/piece-de-theatre-12-hommes-en-colere-section-vendee-du-211017-au-151217\/"]}]},{"@type":"ImageObject","inLanguage":"fr-FR","@id":"https:\/\/francelyme.fr\/site\/piece-de-theatre-12-hommes-en-colere-section-vendee-du-211017-au-151217\/#primaryimage","url":"https:\/\/francelyme.fr\/site\/wp-content\/uploads\/2017\/10\/22008116_1872413676117045_7096989341725725472_n.jpg","contentUrl":"https:\/\/francelyme.fr\/site\/wp-content\/uploads\/2017\/10\/22008116_1872413676117045_7096989341725725472_n.jpg","width":887,"height":960,"caption":""},{"@type":"BreadcrumbList","@id":"https:\/\/francelyme.fr\/site\/piece-de-theatre-12-hommes-en-colere-section-vendee-du-211017-au-151217\/#breadcrumb","itemListElement":[{"@type":"ListItem","position":1,"name":"Accueil","item":"https:\/\/francelyme.fr\/site\/"},{"@type":"ListItem","position":2,"name":"Pi\u00e8ce de th\u00e9\u00e2tre &#8221; 12 Hommes En Col\u00e8re&#8221;, section Vend\u00e9e, du 21\/10\/17 au 15\/12\/17"}]},{"@type":"WebSite","@id":"https:\/\/francelyme.fr\/site\/#website","url":"https:\/\/francelyme.fr\/site\/","name":"Association France Lyme","description":"Association de lutte contre les maladies vectorielles \u00e0 tiques","publisher":{"@id":"https:\/\/francelyme.fr\/site\/#organization"},"potentialAction":[{"@type":"SearchAction","target":{"@type":"EntryPoint","urlTemplate":"https:\/\/francelyme.fr\/site\/?s={search_term_string}"},"query-input":{"@type":"PropertyValueSpecification","valueRequired":true,"valueName":"search_term_string"}}],"inLanguage":"fr-FR"},{"@type":"Organization","@id":"https:\/\/francelyme.fr\/site\/#organization","name":"France Lyme","url":"https:\/\/francelyme.fr\/site\/","logo":{"@type":"ImageObject","inLanguage":"fr-FR","@id":"https:\/\/francelyme.fr\/site\/#\/schema\/logo\/image\/","url":"https:\/\/francelyme.fr\/site\/wp-content\/uploads\/2019\/05\/francelyme-site.gif","contentUrl":"https:\/\/francelyme.fr\/site\/wp-content\/uploads\/2019\/05\/francelyme-site.gif","width":180,"height":180,"caption":"France Lyme"},"image":{"@id":"https:\/\/francelyme.fr\/site\/#\/schema\/logo\/image\/"},"sameAs":["https:\/\/www.facebook.com\/france.lyme","https:\/\/x.com\/francelyme","https:\/\/www.youtube.com\/channel\/UClMCGl3dvkz0iAgXFR1NH1A"]},{"@type":"Person","@id":"https:\/\/francelyme.fr\/site\/#\/schema\/person\/1a2c2689f69ecd6062cfac7d4b12f265","name":"AdminFL","image":{"@type":"ImageObject","inLanguage":"fr-FR","@id":"https:\/\/secure.gravatar.com\/avatar\/4920874779d1914d5cba6d6dc7a2f20c832bb43238e659994a133a63cb03c29e?s=96&d=mm&r=g","url":"https:\/\/secure.gravatar.com\/avatar\/4920874779d1914d5cba6d6dc7a2f20c832bb43238e659994a133a63cb03c29e?s=96&d=mm&r=g","contentUrl":"https:\/\/secure.gravatar.com\/avatar\/4920874779d1914d5cba6d6dc7a2f20c832bb43238e659994a133a63cb03c29e?s=96&d=mm&r=g","caption":"AdminFL"},"url":"https:\/\/francelyme.fr\/site\/author\/fralymadm\/"}]}},"_links":{"self":[{"href":"https:\/\/francelyme.fr\/site\/wp-json\/wp\/v2\/posts\/6582","targetHints":{"allow":["GET"]}}],"collection":[{"href":"https:\/\/francelyme.fr\/site\/wp-json\/wp\/v2\/posts"}],"about":[{"href":"https:\/\/francelyme.fr\/site\/wp-json\/wp\/v2\/types\/post"}],"author":[{"embeddable":true,"href":"https:\/\/francelyme.fr\/site\/wp-json\/wp\/v2\/users\/1"}],"replies":[{"embeddable":true,"href":"https:\/\/francelyme.fr\/site\/wp-json\/wp\/v2\/comments?post=6582"}],"version-history":[{"count":0,"href":"https:\/\/francelyme.fr\/site\/wp-json\/wp\/v2\/posts\/6582\/revisions"}],"wp:featuredmedia":[{"embeddable":true,"href":"https:\/\/francelyme.fr\/site\/wp-json\/wp\/v2\/media\/6584"}],"wp:attachment":[{"href":"https:\/\/francelyme.fr\/site\/wp-json\/wp\/v2\/media?parent=6582"}],"wp:term":[{"taxonomy":"category","embeddable":true,"href":"https:\/\/francelyme.fr\/site\/wp-json\/wp\/v2\/categories?post=6582"},{"taxonomy":"post_tag","embeddable":true,"href":"https:\/\/francelyme.fr\/site\/wp-json\/wp\/v2\/tags?post=6582"}],"curies":[{"name":"wp","href":"https:\/\/api.w.org\/{rel}","templated":true}]}}