{"id":681,"date":"2009-04-01T18:58:12","date_gmt":"2009-04-01T16:58:12","guid":{"rendered":"http:\/\/francelyme.fr\/WordPress3\/?p=681"},"modified":"2009-04-01T18:58:12","modified_gmt":"2009-04-01T16:58:12","slug":"le-point-avec-les-beaux-jours-les-tiques-sont-de-retour-avril-2009","status":"publish","type":"post","link":"https:\/\/francelyme.fr\/site\/le-point-avec-les-beaux-jours-les-tiques-sont-de-retour-avril-2009\/","title":{"rendered":"Le Point : \u00ab\u00a0Avec les beaux jours, les tiques sont de retour\u00a0\u00bb, avril 2009"},"content":{"rendered":"<div class=\"like-button\" style=\"float: right; clear: both; text-align: right; width = 100%;\">\n<!-- Facebook Like Button Vivacity Infotech BEGIN -->\n<div class=\"fb-like\" data-href=\"https:\/\/francelyme.fr\/site\/le-point-avec-les-beaux-jours-les-tiques-sont-de-retour-avril-2009\/\" data-layout=\"box_count\" data-action=\"like\" data-show-faces=\"false\" data-size=\"large\" data-width=\"450\" data-share=\"1\" ><\/div><\/div>\n<!-- Facebook Like Button Vivacity Infotech END -->\n<div id=\"fb-root\"><\/div>\n<p>\t\t\t\tPAR ANNE JEANBLANC<\/p>\n<p>Publi\u00e9 le 01\/04\/2009 \u00e0 12:35, <a class=\"lienext\" href=\"http:\/\/www.lepoint.fr\/actualites-sciences-sante\/2009-04-01\/avec-les-beaux-jours-les-tiques-sont-de-retour\/1055\/0\/330996\" target=\"_blank\" rel=\"noopener noreferrer\">Le Point.fr<\/a><\/p>\n<p>Euro 2008 : gare \u00e0 la rougeole et aux tiques<\/p>\n<p>Les tiques aiment autant les hommes que leurs chiens. La moindre promenade en for\u00eat peut exposer \u00e0 une malencontreuse rencontre avec ces petits acariens et les divers agents infectieux qu&rsquo;ils sont susceptibles de transmettre. Ces derniers peuvent entra\u00eener des maladies plus ou moins graves. C&rsquo;est pourquoi il est n\u00e9cessaire de se prot\u00e9ger en portant des v\u00eatements de couleur claire et couvrant l&rsquo;int\u00e9gralit\u00e9 du corps, de pr\u00e9f\u00e9rence serr\u00e9s aux chevilles, poignets et col. Il est aussi recommand\u00e9 de mettre des chaussures ferm\u00e9es et hautes, d&rsquo;y coincer le bas du pantalon, voire de pulv\u00e9riser les v\u00eatements avec des r\u00e9pulsifs.<\/p>\n<p>Au retour de la promenade, les sp\u00e9cialistes conseillent d&rsquo;examiner son corps, notamment les zones de pression (aisselles, plis des genoux), le pubis, le nombril, le cuir chevelu et derri\u00e8re les oreilles. C&rsquo;est le meilleur moyen d&rsquo;\u00e9viter la maladie de Lyme, qui est tr\u00e8s largement r\u00e9pandue dans les r\u00e9gions temp\u00e9r\u00e9es et froides de l&rsquo;h\u00e9misph\u00e8re nord, de la Chine \u00e0 l&rsquo;Am\u00e9rique du Nord et de la Scandinavie \u00e0 l&rsquo;Afrique du Nord. On compte 5.000 \u00e0 10.000 cas par an en France. Cette affection, caract\u00e9ris\u00e9e par l&rsquo;apparition d&rsquo;une plaque rouge s&rsquo;\u00e9tendant rapidement, se soigne avec des antibiotiques. Non trait\u00e9e, elle peut provoquer des arthrites, voire des manifestations neurologiques.<\/p>\n<p>La m\u00e9ningo-enc\u00e9phalite \u00e0 tiques est plus grave. Elle est surtout localis\u00e9e en Europe centrale, orientale et septentrionale, mais la France peut \u00e9galement \u00eatre touch\u00e9e. Les sympt\u00f4mes de la premi\u00e8re phase sont banals comme une fi\u00e8vre mod\u00e9r\u00e9e et des frissons. La seconde phase, caract\u00e9ris\u00e9e par une m\u00e9ningite avec des signes d&rsquo;atteinte du syst\u00e8me nerveux central (troubles de la concentration, maux de t\u00eate, paralysie&#8230;), appara\u00eet en moyenne 7 jours plus tard, et elle est mortelle dans environ 1 \u00e0 2 % des cas. Elle peut \u00eatre pr\u00e9venue par une vaccination, mais qui n&rsquo;est pas recommand\u00e9e aux personnes r\u00e9sidant en France.\t\t<\/p>\n<div class=\"like-button\" style=\"float: right; clear: both; text-align: right; width = 100%;\">\n<!-- Facebook Like Button Vivacity Infotech BEGIN -->\n<div class=\"fb-like\" data-href=\"https:\/\/francelyme.fr\/site\/le-point-avec-les-beaux-jours-les-tiques-sont-de-retour-avril-2009\/\" data-layout=\"box_count\" data-action=\"like\" data-show-faces=\"false\" data-size=\"large\" data-width=\"450\" data-share=\"1\" ><\/div><\/div>\n<!-- Facebook Like Button Vivacity Infotech END -->\n","protected":false},"excerpt":{"rendered":"","protected":false},"author":1,"featured_media":0,"comment_status":"open","ping_status":"open","sticky":false,"template":"","format":"standard","meta":{"footnotes":""},"categories":[34],"tags":[],"class_list":["post-681","post","type-post","status-publish","format-standard","hentry","category-medias"],"yoast_head":"<!-- This site is optimized with the Yoast SEO plugin v27.5 - https:\/\/yoast.com\/product\/yoast-seo-wordpress\/ -->\n<title>Le Point : &quot;Avec les beaux jours, les tiques sont de retour&quot;, avril 2009 - Association France Lyme<\/title>\n<meta name=\"robots\" content=\"index, follow, max-snippet:-1, max-image-preview:large, max-video-preview:-1\" \/>\n<link rel=\"canonical\" href=\"https:\/\/francelyme.fr\/site\/le-point-avec-les-beaux-jours-les-tiques-sont-de-retour-avril-2009\/\" \/>\n<meta property=\"og:locale\" content=\"fr_FR\" \/>\n<meta property=\"og:type\" content=\"article\" \/>\n<meta property=\"og:title\" content=\"Le Point : &quot;Avec les beaux jours, les tiques sont de retour&quot;, avril 2009 - Association France Lyme\" \/>\n<meta property=\"og:url\" content=\"https:\/\/francelyme.fr\/site\/le-point-avec-les-beaux-jours-les-tiques-sont-de-retour-avril-2009\/\" \/>\n<meta property=\"og:site_name\" content=\"Association France Lyme\" \/>\n<meta property=\"article:publisher\" content=\"https:\/\/www.facebook.com\/france.lyme\" \/>\n<meta property=\"article:published_time\" content=\"2009-04-01T16:58:12+00:00\" \/>\n<meta property=\"og:image\" content=\"https:\/\/francelyme.fr\/site\/wp-content\/uploads\/2020\/05\/logo_facebook_france_lyme.jpg\" \/>\n\t<meta property=\"og:image:width\" content=\"1920\" \/>\n\t<meta property=\"og:image:height\" content=\"1080\" \/>\n\t<meta property=\"og:image:type\" content=\"image\/jpeg\" \/>\n<meta name=\"author\" content=\"AdminFL\" \/>\n<meta name=\"twitter:card\" content=\"summary_large_image\" \/>\n<meta name=\"twitter:creator\" content=\"@francelyme\" \/>\n<meta name=\"twitter:site\" content=\"@francelyme\" \/>\n<meta name=\"twitter:label1\" content=\"\u00c9crit par\" \/>\n\t<meta name=\"twitter:data1\" content=\"AdminFL\" \/>\n\t<meta name=\"twitter:label2\" content=\"Dur\u00e9e de lecture estim\u00e9e\" \/>\n\t<meta name=\"twitter:data2\" content=\"2 minutes\" \/>\n<script type=\"application\/ld+json\" class=\"yoast-schema-graph\">{\"@context\":\"https:\\\/\\\/schema.org\",\"@graph\":[{\"@type\":\"Article\",\"@id\":\"https:\\\/\\\/francelyme.fr\\\/site\\\/le-point-avec-les-beaux-jours-les-tiques-sont-de-retour-avril-2009\\\/#article\",\"isPartOf\":{\"@id\":\"https:\\\/\\\/francelyme.fr\\\/site\\\/le-point-avec-les-beaux-jours-les-tiques-sont-de-retour-avril-2009\\\/\"},\"author\":{\"name\":\"AdminFL\",\"@id\":\"https:\\\/\\\/francelyme.fr\\\/site\\\/#\\\/schema\\\/person\\\/1a2c2689f69ecd6062cfac7d4b12f265\"},\"headline\":\"Le Point : \u00ab\u00a0Avec les beaux jours, les tiques sont de retour\u00a0\u00bb, avril 2009\",\"datePublished\":\"2009-04-01T16:58:12+00:00\",\"mainEntityOfPage\":{\"@id\":\"https:\\\/\\\/francelyme.fr\\\/site\\\/le-point-avec-les-beaux-jours-les-tiques-sont-de-retour-avril-2009\\\/\"},\"wordCount\":374,\"commentCount\":0,\"publisher\":{\"@id\":\"https:\\\/\\\/francelyme.fr\\\/site\\\/#organization\"},\"articleSection\":[\"M\u00e9dias\"],\"inLanguage\":\"fr-FR\",\"potentialAction\":[{\"@type\":\"CommentAction\",\"name\":\"Comment\",\"target\":[\"https:\\\/\\\/francelyme.fr\\\/site\\\/le-point-avec-les-beaux-jours-les-tiques-sont-de-retour-avril-2009\\\/#respond\"]}]},{\"@type\":\"WebPage\",\"@id\":\"https:\\\/\\\/francelyme.fr\\\/site\\\/le-point-avec-les-beaux-jours-les-tiques-sont-de-retour-avril-2009\\\/\",\"url\":\"https:\\\/\\\/francelyme.fr\\\/site\\\/le-point-avec-les-beaux-jours-les-tiques-sont-de-retour-avril-2009\\\/\",\"name\":\"Le Point : \\\"Avec les beaux jours, les tiques sont de retour\\\", avril 2009 - Association France Lyme\",\"isPartOf\":{\"@id\":\"https:\\\/\\\/francelyme.fr\\\/site\\\/#website\"},\"datePublished\":\"2009-04-01T16:58:12+00:00\",\"breadcrumb\":{\"@id\":\"https:\\\/\\\/francelyme.fr\\\/site\\\/le-point-avec-les-beaux-jours-les-tiques-sont-de-retour-avril-2009\\\/#breadcrumb\"},\"inLanguage\":\"fr-FR\",\"potentialAction\":[{\"@type\":\"ReadAction\",\"target\":[\"https:\\\/\\\/francelyme.fr\\\/site\\\/le-point-avec-les-beaux-jours-les-tiques-sont-de-retour-avril-2009\\\/\"]}]},{\"@type\":\"BreadcrumbList\",\"@id\":\"https:\\\/\\\/francelyme.fr\\\/site\\\/le-point-avec-les-beaux-jours-les-tiques-sont-de-retour-avril-2009\\\/#breadcrumb\",\"itemListElement\":[{\"@type\":\"ListItem\",\"position\":1,\"name\":\"Accueil\",\"item\":\"https:\\\/\\\/francelyme.fr\\\/site\\\/\"},{\"@type\":\"ListItem\",\"position\":2,\"name\":\"Le Point : &#8220;Avec les beaux jours, les tiques sont de retour&#8221;, avril 2009\"}]},{\"@type\":\"WebSite\",\"@id\":\"https:\\\/\\\/francelyme.fr\\\/site\\\/#website\",\"url\":\"https:\\\/\\\/francelyme.fr\\\/site\\\/\",\"name\":\"Association France Lyme\",\"description\":\"Association de lutte contre les maladies vectorielles \u00e0 tiques\",\"publisher\":{\"@id\":\"https:\\\/\\\/francelyme.fr\\\/site\\\/#organization\"},\"potentialAction\":[{\"@type\":\"SearchAction\",\"target\":{\"@type\":\"EntryPoint\",\"urlTemplate\":\"https:\\\/\\\/francelyme.fr\\\/site\\\/?s={search_term_string}\"},\"query-input\":{\"@type\":\"PropertyValueSpecification\",\"valueRequired\":true,\"valueName\":\"search_term_string\"}}],\"inLanguage\":\"fr-FR\"},{\"@type\":\"Organization\",\"@id\":\"https:\\\/\\\/francelyme.fr\\\/site\\\/#organization\",\"name\":\"France Lyme\",\"url\":\"https:\\\/\\\/francelyme.fr\\\/site\\\/\",\"logo\":{\"@type\":\"ImageObject\",\"inLanguage\":\"fr-FR\",\"@id\":\"https:\\\/\\\/francelyme.fr\\\/site\\\/#\\\/schema\\\/logo\\\/image\\\/\",\"url\":\"https:\\\/\\\/francelyme.fr\\\/site\\\/wp-content\\\/uploads\\\/2019\\\/05\\\/francelyme-site.gif\",\"contentUrl\":\"https:\\\/\\\/francelyme.fr\\\/site\\\/wp-content\\\/uploads\\\/2019\\\/05\\\/francelyme-site.gif\",\"width\":180,\"height\":180,\"caption\":\"France Lyme\"},\"image\":{\"@id\":\"https:\\\/\\\/francelyme.fr\\\/site\\\/#\\\/schema\\\/logo\\\/image\\\/\"},\"sameAs\":[\"https:\\\/\\\/www.facebook.com\\\/france.lyme\",\"https:\\\/\\\/x.com\\\/francelyme\",\"https:\\\/\\\/www.youtube.com\\\/channel\\\/UClMCGl3dvkz0iAgXFR1NH1A\"]},{\"@type\":\"Person\",\"@id\":\"https:\\\/\\\/francelyme.fr\\\/site\\\/#\\\/schema\\\/person\\\/1a2c2689f69ecd6062cfac7d4b12f265\",\"name\":\"AdminFL\",\"image\":{\"@type\":\"ImageObject\",\"inLanguage\":\"fr-FR\",\"@id\":\"https:\\\/\\\/secure.gravatar.com\\\/avatar\\\/4920874779d1914d5cba6d6dc7a2f20c832bb43238e659994a133a63cb03c29e?s=96&d=mm&r=g\",\"url\":\"https:\\\/\\\/secure.gravatar.com\\\/avatar\\\/4920874779d1914d5cba6d6dc7a2f20c832bb43238e659994a133a63cb03c29e?s=96&d=mm&r=g\",\"contentUrl\":\"https:\\\/\\\/secure.gravatar.com\\\/avatar\\\/4920874779d1914d5cba6d6dc7a2f20c832bb43238e659994a133a63cb03c29e?s=96&d=mm&r=g\",\"caption\":\"AdminFL\"},\"url\":\"https:\\\/\\\/francelyme.fr\\\/site\\\/author\\\/fralymadm\\\/\"}]}<\/script>\n<!-- \/ Yoast SEO plugin. -->","yoast_head_json":{"title":"Le Point : \"Avec les beaux jours, les tiques sont de retour\", avril 2009 - Association France Lyme","robots":{"index":"index","follow":"follow","max-snippet":"max-snippet:-1","max-image-preview":"max-image-preview:large","max-video-preview":"max-video-preview:-1"},"canonical":"https:\/\/francelyme.fr\/site\/le-point-avec-les-beaux-jours-les-tiques-sont-de-retour-avril-2009\/","og_locale":"fr_FR","og_type":"article","og_title":"Le Point : \"Avec les beaux jours, les tiques sont de retour\", avril 2009 - Association France Lyme","og_url":"https:\/\/francelyme.fr\/site\/le-point-avec-les-beaux-jours-les-tiques-sont-de-retour-avril-2009\/","og_site_name":"Association France Lyme","article_publisher":"https:\/\/www.facebook.com\/france.lyme","article_published_time":"2009-04-01T16:58:12+00:00","og_image":[{"width":1920,"height":1080,"url":"https:\/\/francelyme.fr\/site\/wp-content\/uploads\/2020\/05\/logo_facebook_france_lyme.jpg","type":"image\/jpeg"}],"author":"AdminFL","twitter_card":"summary_large_image","twitter_creator":"@francelyme","twitter_site":"@francelyme","twitter_misc":{"\u00c9crit par":"AdminFL","Dur\u00e9e de lecture estim\u00e9e":"2 minutes"},"schema":{"@context":"https:\/\/schema.org","@graph":[{"@type":"Article","@id":"https:\/\/francelyme.fr\/site\/le-point-avec-les-beaux-jours-les-tiques-sont-de-retour-avril-2009\/#article","isPartOf":{"@id":"https:\/\/francelyme.fr\/site\/le-point-avec-les-beaux-jours-les-tiques-sont-de-retour-avril-2009\/"},"author":{"name":"AdminFL","@id":"https:\/\/francelyme.fr\/site\/#\/schema\/person\/1a2c2689f69ecd6062cfac7d4b12f265"},"headline":"Le Point : \u00ab\u00a0Avec les beaux jours, les tiques sont de retour\u00a0\u00bb, avril 2009","datePublished":"2009-04-01T16:58:12+00:00","mainEntityOfPage":{"@id":"https:\/\/francelyme.fr\/site\/le-point-avec-les-beaux-jours-les-tiques-sont-de-retour-avril-2009\/"},"wordCount":374,"commentCount":0,"publisher":{"@id":"https:\/\/francelyme.fr\/site\/#organization"},"articleSection":["M\u00e9dias"],"inLanguage":"fr-FR","potentialAction":[{"@type":"CommentAction","name":"Comment","target":["https:\/\/francelyme.fr\/site\/le-point-avec-les-beaux-jours-les-tiques-sont-de-retour-avril-2009\/#respond"]}]},{"@type":"WebPage","@id":"https:\/\/francelyme.fr\/site\/le-point-avec-les-beaux-jours-les-tiques-sont-de-retour-avril-2009\/","url":"https:\/\/francelyme.fr\/site\/le-point-avec-les-beaux-jours-les-tiques-sont-de-retour-avril-2009\/","name":"Le Point : \"Avec les beaux jours, les tiques sont de retour\", avril 2009 - Association France Lyme","isPartOf":{"@id":"https:\/\/francelyme.fr\/site\/#website"},"datePublished":"2009-04-01T16:58:12+00:00","breadcrumb":{"@id":"https:\/\/francelyme.fr\/site\/le-point-avec-les-beaux-jours-les-tiques-sont-de-retour-avril-2009\/#breadcrumb"},"inLanguage":"fr-FR","potentialAction":[{"@type":"ReadAction","target":["https:\/\/francelyme.fr\/site\/le-point-avec-les-beaux-jours-les-tiques-sont-de-retour-avril-2009\/"]}]},{"@type":"BreadcrumbList","@id":"https:\/\/francelyme.fr\/site\/le-point-avec-les-beaux-jours-les-tiques-sont-de-retour-avril-2009\/#breadcrumb","itemListElement":[{"@type":"ListItem","position":1,"name":"Accueil","item":"https:\/\/francelyme.fr\/site\/"},{"@type":"ListItem","position":2,"name":"Le Point : &#8220;Avec les beaux jours, les tiques sont de retour&#8221;, avril 2009"}]},{"@type":"WebSite","@id":"https:\/\/francelyme.fr\/site\/#website","url":"https:\/\/francelyme.fr\/site\/","name":"Association France Lyme","description":"Association de lutte contre les maladies vectorielles \u00e0 tiques","publisher":{"@id":"https:\/\/francelyme.fr\/site\/#organization"},"potentialAction":[{"@type":"SearchAction","target":{"@type":"EntryPoint","urlTemplate":"https:\/\/francelyme.fr\/site\/?s={search_term_string}"},"query-input":{"@type":"PropertyValueSpecification","valueRequired":true,"valueName":"search_term_string"}}],"inLanguage":"fr-FR"},{"@type":"Organization","@id":"https:\/\/francelyme.fr\/site\/#organization","name":"France Lyme","url":"https:\/\/francelyme.fr\/site\/","logo":{"@type":"ImageObject","inLanguage":"fr-FR","@id":"https:\/\/francelyme.fr\/site\/#\/schema\/logo\/image\/","url":"https:\/\/francelyme.fr\/site\/wp-content\/uploads\/2019\/05\/francelyme-site.gif","contentUrl":"https:\/\/francelyme.fr\/site\/wp-content\/uploads\/2019\/05\/francelyme-site.gif","width":180,"height":180,"caption":"France Lyme"},"image":{"@id":"https:\/\/francelyme.fr\/site\/#\/schema\/logo\/image\/"},"sameAs":["https:\/\/www.facebook.com\/france.lyme","https:\/\/x.com\/francelyme","https:\/\/www.youtube.com\/channel\/UClMCGl3dvkz0iAgXFR1NH1A"]},{"@type":"Person","@id":"https:\/\/francelyme.fr\/site\/#\/schema\/person\/1a2c2689f69ecd6062cfac7d4b12f265","name":"AdminFL","image":{"@type":"ImageObject","inLanguage":"fr-FR","@id":"https:\/\/secure.gravatar.com\/avatar\/4920874779d1914d5cba6d6dc7a2f20c832bb43238e659994a133a63cb03c29e?s=96&d=mm&r=g","url":"https:\/\/secure.gravatar.com\/avatar\/4920874779d1914d5cba6d6dc7a2f20c832bb43238e659994a133a63cb03c29e?s=96&d=mm&r=g","contentUrl":"https:\/\/secure.gravatar.com\/avatar\/4920874779d1914d5cba6d6dc7a2f20c832bb43238e659994a133a63cb03c29e?s=96&d=mm&r=g","caption":"AdminFL"},"url":"https:\/\/francelyme.fr\/site\/author\/fralymadm\/"}]}},"_links":{"self":[{"href":"https:\/\/francelyme.fr\/site\/wp-json\/wp\/v2\/posts\/681","targetHints":{"allow":["GET"]}}],"collection":[{"href":"https:\/\/francelyme.fr\/site\/wp-json\/wp\/v2\/posts"}],"about":[{"href":"https:\/\/francelyme.fr\/site\/wp-json\/wp\/v2\/types\/post"}],"author":[{"embeddable":true,"href":"https:\/\/francelyme.fr\/site\/wp-json\/wp\/v2\/users\/1"}],"replies":[{"embeddable":true,"href":"https:\/\/francelyme.fr\/site\/wp-json\/wp\/v2\/comments?post=681"}],"version-history":[{"count":0,"href":"https:\/\/francelyme.fr\/site\/wp-json\/wp\/v2\/posts\/681\/revisions"}],"wp:attachment":[{"href":"https:\/\/francelyme.fr\/site\/wp-json\/wp\/v2\/media?parent=681"}],"wp:term":[{"taxonomy":"category","embeddable":true,"href":"https:\/\/francelyme.fr\/site\/wp-json\/wp\/v2\/categories?post=681"},{"taxonomy":"post_tag","embeddable":true,"href":"https:\/\/francelyme.fr\/site\/wp-json\/wp\/v2\/tags?post=681"}],"curies":[{"name":"wp","href":"https:\/\/api.w.org\/{rel}","templated":true}]}}