{"id":691,"date":"2009-05-17T19:05:53","date_gmt":"2009-05-17T17:05:53","guid":{"rendered":"http:\/\/francelyme.fr\/WordPress3\/?p=691"},"modified":"2009-05-17T19:05:53","modified_gmt":"2009-05-17T17:05:53","slug":"la-montagne-attention-a-la-maladie-de-lyme-mai-2009","status":"publish","type":"post","link":"https:\/\/francelyme.fr\/site\/la-montagne-attention-a-la-maladie-de-lyme-mai-2009\/","title":{"rendered":"la Montagne : \u00ab\u00a0Attention \u00e0 la maladie de Lyme\u00a0\u00bb, mai 2009"},"content":{"rendered":"<div class=\"like-button\" style=\"float: right; clear: both; text-align: right; width = 100%;\">\n<!-- Facebook Like Button Vivacity Infotech BEGIN -->\n<div class=\"fb-like\" data-href=\"https:\/\/francelyme.fr\/site\/la-montagne-attention-a-la-maladie-de-lyme-mai-2009\/\" data-layout=\"box_count\" data-action=\"like\" data-show-faces=\"false\" data-size=\"large\" data-width=\"450\" data-share=\"1\" ><\/div><\/div>\n<!-- Facebook Like Button Vivacity Infotech END -->\n<div id=\"fb-root\"><\/div>\n<p>\t\t\t\tPubli\u00e9 le 17\/05\/2009 \u00e0 15:54,\u00a0<a class=\"lienext\" href=\"http:\/\/www.lamontagne.fr\/editions_locales\/brive\/attention_a_la_maladie_de_lyme@CARGNjFdJSsHFhkHAhw-.html\" target=\"_blank\" rel=\"noopener noreferrer\">La Montagne<\/a><\/p>\n<p>&nbsp;<\/p>\n<p>Une tique infect\u00e9e et non d\u00e9tect\u00e9e peut provoquer la maladie de Lyme. Une affection en recrudescence et dont les cons\u00e9quences peuvent \u00eatre graves. Elle fait l&rsquo;objet d&rsquo;une r\u00e9union d&rsquo;information, organis\u00e9e le 26 mai par la MSA en pr\u00e9sence de sp\u00e9cialistes, \u00e0 Nonards, pr\u00e8s de Beaulieu-sur-Dordogne.<\/p>\n<p>Identifi\u00e9e en 1975, la maladie de Lyme est actuellement en recrudescence en France. Elle se contracte au printemps et pendant l&rsquo;\u00e9t\u00e9 lors d&rsquo;une morsure par une tique infect\u00e9e.<\/p>\n<p>La maladie de Lyme est une maladie bact\u00e9rienne qui se contracte \u00e0 la belle saison dans la nature que celle-ci soit sauvage : for\u00eats, pr\u00e9s, chemins? ou domestiqu\u00e9e : parcs et jardins, stades, terrains de golf? Tout le monde est donc concern\u00e9. Elle frappe \u00e0 tout \u00e2ge mais ce sont les adolescents et les jeunes adultes qui sont le plus souvent atteints.<\/p>\n<p>Elle est due \u00e0 une bact\u00e9rie, la borrelia burgdorferi qui se transmet par la morsure d&rsquo;une tique infect\u00e9e par le microbe. La bact\u00e9rie est pr\u00e9sente dans l&rsquo;intestin et la salive de la tique et est transmise au moment ou la tique mord la peau de son h\u00f4te. La bact\u00e9rie se propage alors dans la peau, le sang et les chairs.\t\t<\/p>\n<div class=\"like-button\" style=\"float: right; clear: both; text-align: right; width = 100%;\">\n<!-- Facebook Like Button Vivacity Infotech BEGIN -->\n<div class=\"fb-like\" data-href=\"https:\/\/francelyme.fr\/site\/la-montagne-attention-a-la-maladie-de-lyme-mai-2009\/\" data-layout=\"box_count\" data-action=\"like\" data-show-faces=\"false\" data-size=\"large\" data-width=\"450\" data-share=\"1\" ><\/div><\/div>\n<!-- Facebook Like Button Vivacity Infotech END -->\n","protected":false},"excerpt":{"rendered":"","protected":false},"author":1,"featured_media":0,"comment_status":"open","ping_status":"open","sticky":false,"template":"","format":"standard","meta":{"footnotes":""},"categories":[34],"tags":[],"class_list":["post-691","post","type-post","status-publish","format-standard","hentry","category-medias"],"yoast_head":"<!-- This site is optimized with the Yoast SEO plugin v27.5 - https:\/\/yoast.com\/product\/yoast-seo-wordpress\/ -->\n<title>la Montagne : &quot;Attention \u00e0 la maladie de Lyme&quot;, mai 2009 - Association France Lyme<\/title>\n<meta name=\"robots\" content=\"index, follow, max-snippet:-1, max-image-preview:large, max-video-preview:-1\" \/>\n<link rel=\"canonical\" href=\"https:\/\/francelyme.fr\/site\/la-montagne-attention-a-la-maladie-de-lyme-mai-2009\/\" \/>\n<meta property=\"og:locale\" content=\"fr_FR\" \/>\n<meta property=\"og:type\" content=\"article\" \/>\n<meta property=\"og:title\" content=\"la Montagne : &quot;Attention \u00e0 la maladie de Lyme&quot;, mai 2009 - Association France Lyme\" \/>\n<meta property=\"og:url\" content=\"https:\/\/francelyme.fr\/site\/la-montagne-attention-a-la-maladie-de-lyme-mai-2009\/\" \/>\n<meta property=\"og:site_name\" content=\"Association France Lyme\" \/>\n<meta property=\"article:publisher\" content=\"https:\/\/www.facebook.com\/france.lyme\" \/>\n<meta property=\"article:published_time\" content=\"2009-05-17T17:05:53+00:00\" \/>\n<meta property=\"og:image\" content=\"https:\/\/francelyme.fr\/site\/wp-content\/uploads\/2020\/05\/logo_facebook_france_lyme.jpg\" \/>\n\t<meta property=\"og:image:width\" content=\"1920\" \/>\n\t<meta property=\"og:image:height\" content=\"1080\" \/>\n\t<meta property=\"og:image:type\" content=\"image\/jpeg\" \/>\n<meta name=\"author\" content=\"AdminFL\" \/>\n<meta name=\"twitter:card\" content=\"summary_large_image\" \/>\n<meta name=\"twitter:creator\" content=\"@francelyme\" \/>\n<meta name=\"twitter:site\" content=\"@francelyme\" \/>\n<meta name=\"twitter:label1\" content=\"\u00c9crit par\" \/>\n\t<meta name=\"twitter:data1\" content=\"AdminFL\" \/>\n\t<meta name=\"twitter:label2\" content=\"Dur\u00e9e de lecture estim\u00e9e\" \/>\n\t<meta name=\"twitter:data2\" content=\"1 minute\" \/>\n<script type=\"application\/ld+json\" class=\"yoast-schema-graph\">{\"@context\":\"https:\\\/\\\/schema.org\",\"@graph\":[{\"@type\":\"Article\",\"@id\":\"https:\\\/\\\/francelyme.fr\\\/site\\\/la-montagne-attention-a-la-maladie-de-lyme-mai-2009\\\/#article\",\"isPartOf\":{\"@id\":\"https:\\\/\\\/francelyme.fr\\\/site\\\/la-montagne-attention-a-la-maladie-de-lyme-mai-2009\\\/\"},\"author\":{\"name\":\"AdminFL\",\"@id\":\"https:\\\/\\\/francelyme.fr\\\/site\\\/#\\\/schema\\\/person\\\/1a2c2689f69ecd6062cfac7d4b12f265\"},\"headline\":\"la Montagne : \u00ab\u00a0Attention \u00e0 la maladie de Lyme\u00a0\u00bb, mai 2009\",\"datePublished\":\"2009-05-17T17:05:53+00:00\",\"mainEntityOfPage\":{\"@id\":\"https:\\\/\\\/francelyme.fr\\\/site\\\/la-montagne-attention-a-la-maladie-de-lyme-mai-2009\\\/\"},\"wordCount\":228,\"commentCount\":0,\"publisher\":{\"@id\":\"https:\\\/\\\/francelyme.fr\\\/site\\\/#organization\"},\"articleSection\":[\"M\u00e9dias\"],\"inLanguage\":\"fr-FR\",\"potentialAction\":[{\"@type\":\"CommentAction\",\"name\":\"Comment\",\"target\":[\"https:\\\/\\\/francelyme.fr\\\/site\\\/la-montagne-attention-a-la-maladie-de-lyme-mai-2009\\\/#respond\"]}]},{\"@type\":\"WebPage\",\"@id\":\"https:\\\/\\\/francelyme.fr\\\/site\\\/la-montagne-attention-a-la-maladie-de-lyme-mai-2009\\\/\",\"url\":\"https:\\\/\\\/francelyme.fr\\\/site\\\/la-montagne-attention-a-la-maladie-de-lyme-mai-2009\\\/\",\"name\":\"la Montagne : \\\"Attention \u00e0 la maladie de Lyme\\\", mai 2009 - Association France Lyme\",\"isPartOf\":{\"@id\":\"https:\\\/\\\/francelyme.fr\\\/site\\\/#website\"},\"datePublished\":\"2009-05-17T17:05:53+00:00\",\"breadcrumb\":{\"@id\":\"https:\\\/\\\/francelyme.fr\\\/site\\\/la-montagne-attention-a-la-maladie-de-lyme-mai-2009\\\/#breadcrumb\"},\"inLanguage\":\"fr-FR\",\"potentialAction\":[{\"@type\":\"ReadAction\",\"target\":[\"https:\\\/\\\/francelyme.fr\\\/site\\\/la-montagne-attention-a-la-maladie-de-lyme-mai-2009\\\/\"]}]},{\"@type\":\"BreadcrumbList\",\"@id\":\"https:\\\/\\\/francelyme.fr\\\/site\\\/la-montagne-attention-a-la-maladie-de-lyme-mai-2009\\\/#breadcrumb\",\"itemListElement\":[{\"@type\":\"ListItem\",\"position\":1,\"name\":\"Accueil\",\"item\":\"https:\\\/\\\/francelyme.fr\\\/site\\\/\"},{\"@type\":\"ListItem\",\"position\":2,\"name\":\"la Montagne : &#8220;Attention \u00e0 la maladie de Lyme&#8221;, mai 2009\"}]},{\"@type\":\"WebSite\",\"@id\":\"https:\\\/\\\/francelyme.fr\\\/site\\\/#website\",\"url\":\"https:\\\/\\\/francelyme.fr\\\/site\\\/\",\"name\":\"Association France Lyme\",\"description\":\"Association de lutte contre les maladies vectorielles \u00e0 tiques\",\"publisher\":{\"@id\":\"https:\\\/\\\/francelyme.fr\\\/site\\\/#organization\"},\"potentialAction\":[{\"@type\":\"SearchAction\",\"target\":{\"@type\":\"EntryPoint\",\"urlTemplate\":\"https:\\\/\\\/francelyme.fr\\\/site\\\/?s={search_term_string}\"},\"query-input\":{\"@type\":\"PropertyValueSpecification\",\"valueRequired\":true,\"valueName\":\"search_term_string\"}}],\"inLanguage\":\"fr-FR\"},{\"@type\":\"Organization\",\"@id\":\"https:\\\/\\\/francelyme.fr\\\/site\\\/#organization\",\"name\":\"France Lyme\",\"url\":\"https:\\\/\\\/francelyme.fr\\\/site\\\/\",\"logo\":{\"@type\":\"ImageObject\",\"inLanguage\":\"fr-FR\",\"@id\":\"https:\\\/\\\/francelyme.fr\\\/site\\\/#\\\/schema\\\/logo\\\/image\\\/\",\"url\":\"https:\\\/\\\/francelyme.fr\\\/site\\\/wp-content\\\/uploads\\\/2019\\\/05\\\/francelyme-site.gif\",\"contentUrl\":\"https:\\\/\\\/francelyme.fr\\\/site\\\/wp-content\\\/uploads\\\/2019\\\/05\\\/francelyme-site.gif\",\"width\":180,\"height\":180,\"caption\":\"France Lyme\"},\"image\":{\"@id\":\"https:\\\/\\\/francelyme.fr\\\/site\\\/#\\\/schema\\\/logo\\\/image\\\/\"},\"sameAs\":[\"https:\\\/\\\/www.facebook.com\\\/france.lyme\",\"https:\\\/\\\/x.com\\\/francelyme\",\"https:\\\/\\\/www.youtube.com\\\/channel\\\/UClMCGl3dvkz0iAgXFR1NH1A\"]},{\"@type\":\"Person\",\"@id\":\"https:\\\/\\\/francelyme.fr\\\/site\\\/#\\\/schema\\\/person\\\/1a2c2689f69ecd6062cfac7d4b12f265\",\"name\":\"AdminFL\",\"image\":{\"@type\":\"ImageObject\",\"inLanguage\":\"fr-FR\",\"@id\":\"https:\\\/\\\/secure.gravatar.com\\\/avatar\\\/4920874779d1914d5cba6d6dc7a2f20c832bb43238e659994a133a63cb03c29e?s=96&d=mm&r=g\",\"url\":\"https:\\\/\\\/secure.gravatar.com\\\/avatar\\\/4920874779d1914d5cba6d6dc7a2f20c832bb43238e659994a133a63cb03c29e?s=96&d=mm&r=g\",\"contentUrl\":\"https:\\\/\\\/secure.gravatar.com\\\/avatar\\\/4920874779d1914d5cba6d6dc7a2f20c832bb43238e659994a133a63cb03c29e?s=96&d=mm&r=g\",\"caption\":\"AdminFL\"},\"url\":\"https:\\\/\\\/francelyme.fr\\\/site\\\/author\\\/fralymadm\\\/\"}]}<\/script>\n<!-- \/ Yoast SEO plugin. -->","yoast_head_json":{"title":"la Montagne : \"Attention \u00e0 la maladie de Lyme\", mai 2009 - Association France Lyme","robots":{"index":"index","follow":"follow","max-snippet":"max-snippet:-1","max-image-preview":"max-image-preview:large","max-video-preview":"max-video-preview:-1"},"canonical":"https:\/\/francelyme.fr\/site\/la-montagne-attention-a-la-maladie-de-lyme-mai-2009\/","og_locale":"fr_FR","og_type":"article","og_title":"la Montagne : \"Attention \u00e0 la maladie de Lyme\", mai 2009 - Association France Lyme","og_url":"https:\/\/francelyme.fr\/site\/la-montagne-attention-a-la-maladie-de-lyme-mai-2009\/","og_site_name":"Association France Lyme","article_publisher":"https:\/\/www.facebook.com\/france.lyme","article_published_time":"2009-05-17T17:05:53+00:00","og_image":[{"width":1920,"height":1080,"url":"https:\/\/francelyme.fr\/site\/wp-content\/uploads\/2020\/05\/logo_facebook_france_lyme.jpg","type":"image\/jpeg"}],"author":"AdminFL","twitter_card":"summary_large_image","twitter_creator":"@francelyme","twitter_site":"@francelyme","twitter_misc":{"\u00c9crit par":"AdminFL","Dur\u00e9e de lecture estim\u00e9e":"1 minute"},"schema":{"@context":"https:\/\/schema.org","@graph":[{"@type":"Article","@id":"https:\/\/francelyme.fr\/site\/la-montagne-attention-a-la-maladie-de-lyme-mai-2009\/#article","isPartOf":{"@id":"https:\/\/francelyme.fr\/site\/la-montagne-attention-a-la-maladie-de-lyme-mai-2009\/"},"author":{"name":"AdminFL","@id":"https:\/\/francelyme.fr\/site\/#\/schema\/person\/1a2c2689f69ecd6062cfac7d4b12f265"},"headline":"la Montagne : \u00ab\u00a0Attention \u00e0 la maladie de Lyme\u00a0\u00bb, mai 2009","datePublished":"2009-05-17T17:05:53+00:00","mainEntityOfPage":{"@id":"https:\/\/francelyme.fr\/site\/la-montagne-attention-a-la-maladie-de-lyme-mai-2009\/"},"wordCount":228,"commentCount":0,"publisher":{"@id":"https:\/\/francelyme.fr\/site\/#organization"},"articleSection":["M\u00e9dias"],"inLanguage":"fr-FR","potentialAction":[{"@type":"CommentAction","name":"Comment","target":["https:\/\/francelyme.fr\/site\/la-montagne-attention-a-la-maladie-de-lyme-mai-2009\/#respond"]}]},{"@type":"WebPage","@id":"https:\/\/francelyme.fr\/site\/la-montagne-attention-a-la-maladie-de-lyme-mai-2009\/","url":"https:\/\/francelyme.fr\/site\/la-montagne-attention-a-la-maladie-de-lyme-mai-2009\/","name":"la Montagne : \"Attention \u00e0 la maladie de Lyme\", mai 2009 - Association France Lyme","isPartOf":{"@id":"https:\/\/francelyme.fr\/site\/#website"},"datePublished":"2009-05-17T17:05:53+00:00","breadcrumb":{"@id":"https:\/\/francelyme.fr\/site\/la-montagne-attention-a-la-maladie-de-lyme-mai-2009\/#breadcrumb"},"inLanguage":"fr-FR","potentialAction":[{"@type":"ReadAction","target":["https:\/\/francelyme.fr\/site\/la-montagne-attention-a-la-maladie-de-lyme-mai-2009\/"]}]},{"@type":"BreadcrumbList","@id":"https:\/\/francelyme.fr\/site\/la-montagne-attention-a-la-maladie-de-lyme-mai-2009\/#breadcrumb","itemListElement":[{"@type":"ListItem","position":1,"name":"Accueil","item":"https:\/\/francelyme.fr\/site\/"},{"@type":"ListItem","position":2,"name":"la Montagne : &#8220;Attention \u00e0 la maladie de Lyme&#8221;, mai 2009"}]},{"@type":"WebSite","@id":"https:\/\/francelyme.fr\/site\/#website","url":"https:\/\/francelyme.fr\/site\/","name":"Association France Lyme","description":"Association de lutte contre les maladies vectorielles \u00e0 tiques","publisher":{"@id":"https:\/\/francelyme.fr\/site\/#organization"},"potentialAction":[{"@type":"SearchAction","target":{"@type":"EntryPoint","urlTemplate":"https:\/\/francelyme.fr\/site\/?s={search_term_string}"},"query-input":{"@type":"PropertyValueSpecification","valueRequired":true,"valueName":"search_term_string"}}],"inLanguage":"fr-FR"},{"@type":"Organization","@id":"https:\/\/francelyme.fr\/site\/#organization","name":"France Lyme","url":"https:\/\/francelyme.fr\/site\/","logo":{"@type":"ImageObject","inLanguage":"fr-FR","@id":"https:\/\/francelyme.fr\/site\/#\/schema\/logo\/image\/","url":"https:\/\/francelyme.fr\/site\/wp-content\/uploads\/2019\/05\/francelyme-site.gif","contentUrl":"https:\/\/francelyme.fr\/site\/wp-content\/uploads\/2019\/05\/francelyme-site.gif","width":180,"height":180,"caption":"France Lyme"},"image":{"@id":"https:\/\/francelyme.fr\/site\/#\/schema\/logo\/image\/"},"sameAs":["https:\/\/www.facebook.com\/france.lyme","https:\/\/x.com\/francelyme","https:\/\/www.youtube.com\/channel\/UClMCGl3dvkz0iAgXFR1NH1A"]},{"@type":"Person","@id":"https:\/\/francelyme.fr\/site\/#\/schema\/person\/1a2c2689f69ecd6062cfac7d4b12f265","name":"AdminFL","image":{"@type":"ImageObject","inLanguage":"fr-FR","@id":"https:\/\/secure.gravatar.com\/avatar\/4920874779d1914d5cba6d6dc7a2f20c832bb43238e659994a133a63cb03c29e?s=96&d=mm&r=g","url":"https:\/\/secure.gravatar.com\/avatar\/4920874779d1914d5cba6d6dc7a2f20c832bb43238e659994a133a63cb03c29e?s=96&d=mm&r=g","contentUrl":"https:\/\/secure.gravatar.com\/avatar\/4920874779d1914d5cba6d6dc7a2f20c832bb43238e659994a133a63cb03c29e?s=96&d=mm&r=g","caption":"AdminFL"},"url":"https:\/\/francelyme.fr\/site\/author\/fralymadm\/"}]}},"_links":{"self":[{"href":"https:\/\/francelyme.fr\/site\/wp-json\/wp\/v2\/posts\/691","targetHints":{"allow":["GET"]}}],"collection":[{"href":"https:\/\/francelyme.fr\/site\/wp-json\/wp\/v2\/posts"}],"about":[{"href":"https:\/\/francelyme.fr\/site\/wp-json\/wp\/v2\/types\/post"}],"author":[{"embeddable":true,"href":"https:\/\/francelyme.fr\/site\/wp-json\/wp\/v2\/users\/1"}],"replies":[{"embeddable":true,"href":"https:\/\/francelyme.fr\/site\/wp-json\/wp\/v2\/comments?post=691"}],"version-history":[{"count":0,"href":"https:\/\/francelyme.fr\/site\/wp-json\/wp\/v2\/posts\/691\/revisions"}],"wp:attachment":[{"href":"https:\/\/francelyme.fr\/site\/wp-json\/wp\/v2\/media?parent=691"}],"wp:term":[{"taxonomy":"category","embeddable":true,"href":"https:\/\/francelyme.fr\/site\/wp-json\/wp\/v2\/categories?post=691"},{"taxonomy":"post_tag","embeddable":true,"href":"https:\/\/francelyme.fr\/site\/wp-json\/wp\/v2\/tags?post=691"}],"curies":[{"name":"wp","href":"https:\/\/api.w.org\/{rel}","templated":true}]}}