{"id":7144,"date":"2018-06-13T13:38:44","date_gmt":"2018-06-13T11:38:44","guid":{"rendered":"http:\/\/francelyme.fr\/?p=7144"},"modified":"2018-06-13T13:38:44","modified_gmt":"2018-06-13T11:38:44","slug":"conference-tout-public-dr-ghozzi-et-dr-medynski","status":"publish","type":"post","link":"https:\/\/francelyme.fr\/site\/conference-tout-public-dr-ghozzi-et-dr-medynski\/","title":{"rendered":"Conf\u00e9rence tout public, Dr Ghozzi et Dr Medynski"},"content":{"rendered":"<div class=\"like-button\" style=\"float: right; clear: both; text-align: right; width = 100%;\">\n<!-- Facebook Like Button Vivacity Infotech BEGIN -->\n<div class=\"fb-like\" data-href=\"https:\/\/francelyme.fr\/site\/conference-tout-public-dr-ghozzi-et-dr-medynski\/\" data-layout=\"box_count\" data-action=\"like\" data-show-faces=\"false\" data-size=\"large\" data-width=\"450\" data-share=\"1\" ><\/div><\/div>\n<!-- Facebook Like Button Vivacity Infotech END -->\n<div id=\"fb-root\"><\/div>\n<p>\t\t\t\tCaroline organise une conf\u00e9rence sur la maladie de Lyme et les autres maladies vectorielles \u00e0 tiques, avec les docteurs Ghozzi et Medynski, suivie de la diffusion du film de Chantal Perrin \u00ab\u00a0Quand les tiques attaquent\u00a0\u00bb, le dimanche 24 juin, \u00e0 la salle des Cordeliers \u00e0 Auch, dans le Gers.<br \/>\nInformation : <a href=\"mailto:caro.boucher.guichard@gmail.com\">caro.boucher.guichard@gmail.com<\/a><\/p>\n<p><a href=\"http:\/\/francelyme.fr\/site\/wp-content\/uploads\/2018\/06\/Auch_20180624-conf_lyme_preview.jpeg\"><img loading=\"lazy\" decoding=\"async\" class=\"aligncenter size-medium wp-image-7145\" src=\"http:\/\/www.francelyme.fr\/WordPress3\/Documents\/2018\/06\/Auch_20180624-conf_lyme_preview-212x300.jpeg\" alt=\"\" width=\"212\" height=\"300\" srcset=\"https:\/\/francelyme.fr\/site\/wp-content\/uploads\/2018\/06\/Auch_20180624-conf_lyme_preview-212x300.jpeg 212w, https:\/\/francelyme.fr\/site\/wp-content\/uploads\/2018\/06\/Auch_20180624-conf_lyme_preview-768x1086.jpeg 768w, https:\/\/francelyme.fr\/site\/wp-content\/uploads\/2018\/06\/Auch_20180624-conf_lyme_preview-724x1024.jpeg 724w, https:\/\/francelyme.fr\/site\/wp-content\/uploads\/2018\/06\/Auch_20180624-conf_lyme_preview.jpeg 905w\" sizes=\"auto, (max-width: 212px) 100vw, 212px\" \/><\/a>\t\t<\/p>\n<div class=\"like-button\" style=\"float: right; clear: both; text-align: right; width = 100%;\">\n<!-- Facebook Like Button Vivacity Infotech BEGIN -->\n<div class=\"fb-like\" data-href=\"https:\/\/francelyme.fr\/site\/conference-tout-public-dr-ghozzi-et-dr-medynski\/\" data-layout=\"box_count\" data-action=\"like\" data-show-faces=\"false\" data-size=\"large\" data-width=\"450\" data-share=\"1\" ><\/div><\/div>\n<!-- Facebook Like Button Vivacity Infotech END -->\n","protected":false},"excerpt":{"rendered":"","protected":false},"author":1,"featured_media":7145,"comment_status":"closed","ping_status":"closed","sticky":false,"template":"","format":"standard","meta":{"footnotes":""},"categories":[7,56,38,40,9],"tags":[],"class_list":["post-7144","post","type-post","status-publish","format-standard","has-post-thumbnail","hentry","category-actions","category-conference","category-en-regions","category-midi-pyrennees","category-prevention"],"yoast_head":"<!-- This site is optimized with the Yoast SEO plugin v27.3 - https:\/\/yoast.com\/product\/yoast-seo-wordpress\/ -->\n<title>Conf\u00e9rence tout public, Dr Ghozzi et Dr Medynski - Association France Lyme<\/title>\n<meta name=\"robots\" content=\"index, follow, max-snippet:-1, max-image-preview:large, max-video-preview:-1\" \/>\n<link rel=\"canonical\" href=\"https:\/\/francelyme.fr\/site\/conference-tout-public-dr-ghozzi-et-dr-medynski\/\" \/>\n<meta property=\"og:locale\" content=\"fr_FR\" \/>\n<meta property=\"og:type\" content=\"article\" \/>\n<meta property=\"og:title\" content=\"Conf\u00e9rence tout public, Dr Ghozzi et Dr Medynski - Association France Lyme\" \/>\n<meta property=\"og:url\" content=\"https:\/\/francelyme.fr\/site\/conference-tout-public-dr-ghozzi-et-dr-medynski\/\" \/>\n<meta property=\"og:site_name\" content=\"Association France Lyme\" \/>\n<meta property=\"article:publisher\" content=\"https:\/\/www.facebook.com\/france.lyme\" \/>\n<meta property=\"article:published_time\" content=\"2018-06-13T11:38:44+00:00\" \/>\n<meta property=\"og:image\" content=\"https:\/\/francelyme.fr\/site\/wp-content\/uploads\/2018\/06\/Auch_20180624-conf_lyme_preview.jpeg\" \/>\n\t<meta property=\"og:image:width\" content=\"905\" \/>\n\t<meta property=\"og:image:height\" content=\"1280\" \/>\n\t<meta property=\"og:image:type\" content=\"image\/jpeg\" \/>\n<meta name=\"author\" content=\"AdminFL\" \/>\n<meta name=\"twitter:card\" content=\"summary_large_image\" \/>\n<meta name=\"twitter:creator\" content=\"@francelyme\" \/>\n<meta name=\"twitter:site\" content=\"@francelyme\" \/>\n<meta name=\"twitter:label1\" content=\"\u00c9crit par\" \/>\n\t<meta name=\"twitter:data1\" content=\"AdminFL\" \/>\n<script type=\"application\/ld+json\" class=\"yoast-schema-graph\">{\"@context\":\"https:\\\/\\\/schema.org\",\"@graph\":[{\"@type\":\"Article\",\"@id\":\"https:\\\/\\\/francelyme.fr\\\/site\\\/conference-tout-public-dr-ghozzi-et-dr-medynski\\\/#article\",\"isPartOf\":{\"@id\":\"https:\\\/\\\/francelyme.fr\\\/site\\\/conference-tout-public-dr-ghozzi-et-dr-medynski\\\/\"},\"author\":{\"name\":\"AdminFL\",\"@id\":\"https:\\\/\\\/francelyme.fr\\\/site\\\/#\\\/schema\\\/person\\\/1a2c2689f69ecd6062cfac7d4b12f265\"},\"headline\":\"Conf\u00e9rence tout public, Dr Ghozzi et Dr Medynski\",\"datePublished\":\"2018-06-13T11:38:44+00:00\",\"mainEntityOfPage\":{\"@id\":\"https:\\\/\\\/francelyme.fr\\\/site\\\/conference-tout-public-dr-ghozzi-et-dr-medynski\\\/\"},\"wordCount\":61,\"publisher\":{\"@id\":\"https:\\\/\\\/francelyme.fr\\\/site\\\/#organization\"},\"image\":{\"@id\":\"https:\\\/\\\/francelyme.fr\\\/site\\\/conference-tout-public-dr-ghozzi-et-dr-medynski\\\/#primaryimage\"},\"thumbnailUrl\":\"https:\\\/\\\/francelyme.fr\\\/site\\\/wp-content\\\/uploads\\\/2018\\\/06\\\/Auch_20180624-conf_lyme_preview.jpeg\",\"articleSection\":[\"Actions et stands\",\"Conf\u00e9rences\",\"En r\u00e9gions\",\"Midi-Pyr\u00e9nn\u00e9es\",\"Pr\u00e9vention\"],\"inLanguage\":\"fr-FR\"},{\"@type\":\"WebPage\",\"@id\":\"https:\\\/\\\/francelyme.fr\\\/site\\\/conference-tout-public-dr-ghozzi-et-dr-medynski\\\/\",\"url\":\"https:\\\/\\\/francelyme.fr\\\/site\\\/conference-tout-public-dr-ghozzi-et-dr-medynski\\\/\",\"name\":\"Conf\u00e9rence tout public, Dr Ghozzi et Dr Medynski - Association France Lyme\",\"isPartOf\":{\"@id\":\"https:\\\/\\\/francelyme.fr\\\/site\\\/#website\"},\"primaryImageOfPage\":{\"@id\":\"https:\\\/\\\/francelyme.fr\\\/site\\\/conference-tout-public-dr-ghozzi-et-dr-medynski\\\/#primaryimage\"},\"image\":{\"@id\":\"https:\\\/\\\/francelyme.fr\\\/site\\\/conference-tout-public-dr-ghozzi-et-dr-medynski\\\/#primaryimage\"},\"thumbnailUrl\":\"https:\\\/\\\/francelyme.fr\\\/site\\\/wp-content\\\/uploads\\\/2018\\\/06\\\/Auch_20180624-conf_lyme_preview.jpeg\",\"datePublished\":\"2018-06-13T11:38:44+00:00\",\"breadcrumb\":{\"@id\":\"https:\\\/\\\/francelyme.fr\\\/site\\\/conference-tout-public-dr-ghozzi-et-dr-medynski\\\/#breadcrumb\"},\"inLanguage\":\"fr-FR\",\"potentialAction\":[{\"@type\":\"ReadAction\",\"target\":[\"https:\\\/\\\/francelyme.fr\\\/site\\\/conference-tout-public-dr-ghozzi-et-dr-medynski\\\/\"]}]},{\"@type\":\"ImageObject\",\"inLanguage\":\"fr-FR\",\"@id\":\"https:\\\/\\\/francelyme.fr\\\/site\\\/conference-tout-public-dr-ghozzi-et-dr-medynski\\\/#primaryimage\",\"url\":\"https:\\\/\\\/francelyme.fr\\\/site\\\/wp-content\\\/uploads\\\/2018\\\/06\\\/Auch_20180624-conf_lyme_preview.jpeg\",\"contentUrl\":\"https:\\\/\\\/francelyme.fr\\\/site\\\/wp-content\\\/uploads\\\/2018\\\/06\\\/Auch_20180624-conf_lyme_preview.jpeg\",\"width\":905,\"height\":1280,\"caption\":\"\"},{\"@type\":\"BreadcrumbList\",\"@id\":\"https:\\\/\\\/francelyme.fr\\\/site\\\/conference-tout-public-dr-ghozzi-et-dr-medynski\\\/#breadcrumb\",\"itemListElement\":[{\"@type\":\"ListItem\",\"position\":1,\"name\":\"Accueil\",\"item\":\"https:\\\/\\\/francelyme.fr\\\/site\\\/\"},{\"@type\":\"ListItem\",\"position\":2,\"name\":\"Conf\u00e9rence tout public, Dr Ghozzi et Dr Medynski\"}]},{\"@type\":\"WebSite\",\"@id\":\"https:\\\/\\\/francelyme.fr\\\/site\\\/#website\",\"url\":\"https:\\\/\\\/francelyme.fr\\\/site\\\/\",\"name\":\"Association France Lyme\",\"description\":\"Association de lutte contre les maladies vectorielles \u00e0 tiques\",\"publisher\":{\"@id\":\"https:\\\/\\\/francelyme.fr\\\/site\\\/#organization\"},\"potentialAction\":[{\"@type\":\"SearchAction\",\"target\":{\"@type\":\"EntryPoint\",\"urlTemplate\":\"https:\\\/\\\/francelyme.fr\\\/site\\\/?s={search_term_string}\"},\"query-input\":{\"@type\":\"PropertyValueSpecification\",\"valueRequired\":true,\"valueName\":\"search_term_string\"}}],\"inLanguage\":\"fr-FR\"},{\"@type\":\"Organization\",\"@id\":\"https:\\\/\\\/francelyme.fr\\\/site\\\/#organization\",\"name\":\"France Lyme\",\"url\":\"https:\\\/\\\/francelyme.fr\\\/site\\\/\",\"logo\":{\"@type\":\"ImageObject\",\"inLanguage\":\"fr-FR\",\"@id\":\"https:\\\/\\\/francelyme.fr\\\/site\\\/#\\\/schema\\\/logo\\\/image\\\/\",\"url\":\"https:\\\/\\\/francelyme.fr\\\/site\\\/wp-content\\\/uploads\\\/2019\\\/05\\\/francelyme-site.gif\",\"contentUrl\":\"https:\\\/\\\/francelyme.fr\\\/site\\\/wp-content\\\/uploads\\\/2019\\\/05\\\/francelyme-site.gif\",\"width\":180,\"height\":180,\"caption\":\"France Lyme\"},\"image\":{\"@id\":\"https:\\\/\\\/francelyme.fr\\\/site\\\/#\\\/schema\\\/logo\\\/image\\\/\"},\"sameAs\":[\"https:\\\/\\\/www.facebook.com\\\/france.lyme\",\"https:\\\/\\\/x.com\\\/francelyme\",\"https:\\\/\\\/www.youtube.com\\\/channel\\\/UClMCGl3dvkz0iAgXFR1NH1A\"]},{\"@type\":\"Person\",\"@id\":\"https:\\\/\\\/francelyme.fr\\\/site\\\/#\\\/schema\\\/person\\\/1a2c2689f69ecd6062cfac7d4b12f265\",\"name\":\"AdminFL\",\"image\":{\"@type\":\"ImageObject\",\"inLanguage\":\"fr-FR\",\"@id\":\"https:\\\/\\\/secure.gravatar.com\\\/avatar\\\/4920874779d1914d5cba6d6dc7a2f20c832bb43238e659994a133a63cb03c29e?s=96&d=mm&r=g\",\"url\":\"https:\\\/\\\/secure.gravatar.com\\\/avatar\\\/4920874779d1914d5cba6d6dc7a2f20c832bb43238e659994a133a63cb03c29e?s=96&d=mm&r=g\",\"contentUrl\":\"https:\\\/\\\/secure.gravatar.com\\\/avatar\\\/4920874779d1914d5cba6d6dc7a2f20c832bb43238e659994a133a63cb03c29e?s=96&d=mm&r=g\",\"caption\":\"AdminFL\"},\"url\":\"https:\\\/\\\/francelyme.fr\\\/site\\\/author\\\/fralymadm\\\/\"}]}<\/script>\n<!-- \/ Yoast SEO plugin. -->","yoast_head_json":{"title":"Conf\u00e9rence tout public, Dr Ghozzi et Dr Medynski - Association France Lyme","robots":{"index":"index","follow":"follow","max-snippet":"max-snippet:-1","max-image-preview":"max-image-preview:large","max-video-preview":"max-video-preview:-1"},"canonical":"https:\/\/francelyme.fr\/site\/conference-tout-public-dr-ghozzi-et-dr-medynski\/","og_locale":"fr_FR","og_type":"article","og_title":"Conf\u00e9rence tout public, Dr Ghozzi et Dr Medynski - Association France Lyme","og_url":"https:\/\/francelyme.fr\/site\/conference-tout-public-dr-ghozzi-et-dr-medynski\/","og_site_name":"Association France Lyme","article_publisher":"https:\/\/www.facebook.com\/france.lyme","article_published_time":"2018-06-13T11:38:44+00:00","og_image":[{"width":905,"height":1280,"url":"https:\/\/francelyme.fr\/site\/wp-content\/uploads\/2018\/06\/Auch_20180624-conf_lyme_preview.jpeg","type":"image\/jpeg"}],"author":"AdminFL","twitter_card":"summary_large_image","twitter_creator":"@francelyme","twitter_site":"@francelyme","twitter_misc":{"\u00c9crit par":"AdminFL"},"schema":{"@context":"https:\/\/schema.org","@graph":[{"@type":"Article","@id":"https:\/\/francelyme.fr\/site\/conference-tout-public-dr-ghozzi-et-dr-medynski\/#article","isPartOf":{"@id":"https:\/\/francelyme.fr\/site\/conference-tout-public-dr-ghozzi-et-dr-medynski\/"},"author":{"name":"AdminFL","@id":"https:\/\/francelyme.fr\/site\/#\/schema\/person\/1a2c2689f69ecd6062cfac7d4b12f265"},"headline":"Conf\u00e9rence tout public, Dr Ghozzi et Dr Medynski","datePublished":"2018-06-13T11:38:44+00:00","mainEntityOfPage":{"@id":"https:\/\/francelyme.fr\/site\/conference-tout-public-dr-ghozzi-et-dr-medynski\/"},"wordCount":61,"publisher":{"@id":"https:\/\/francelyme.fr\/site\/#organization"},"image":{"@id":"https:\/\/francelyme.fr\/site\/conference-tout-public-dr-ghozzi-et-dr-medynski\/#primaryimage"},"thumbnailUrl":"https:\/\/francelyme.fr\/site\/wp-content\/uploads\/2018\/06\/Auch_20180624-conf_lyme_preview.jpeg","articleSection":["Actions et stands","Conf\u00e9rences","En r\u00e9gions","Midi-Pyr\u00e9nn\u00e9es","Pr\u00e9vention"],"inLanguage":"fr-FR"},{"@type":"WebPage","@id":"https:\/\/francelyme.fr\/site\/conference-tout-public-dr-ghozzi-et-dr-medynski\/","url":"https:\/\/francelyme.fr\/site\/conference-tout-public-dr-ghozzi-et-dr-medynski\/","name":"Conf\u00e9rence tout public, Dr Ghozzi et Dr Medynski - Association France Lyme","isPartOf":{"@id":"https:\/\/francelyme.fr\/site\/#website"},"primaryImageOfPage":{"@id":"https:\/\/francelyme.fr\/site\/conference-tout-public-dr-ghozzi-et-dr-medynski\/#primaryimage"},"image":{"@id":"https:\/\/francelyme.fr\/site\/conference-tout-public-dr-ghozzi-et-dr-medynski\/#primaryimage"},"thumbnailUrl":"https:\/\/francelyme.fr\/site\/wp-content\/uploads\/2018\/06\/Auch_20180624-conf_lyme_preview.jpeg","datePublished":"2018-06-13T11:38:44+00:00","breadcrumb":{"@id":"https:\/\/francelyme.fr\/site\/conference-tout-public-dr-ghozzi-et-dr-medynski\/#breadcrumb"},"inLanguage":"fr-FR","potentialAction":[{"@type":"ReadAction","target":["https:\/\/francelyme.fr\/site\/conference-tout-public-dr-ghozzi-et-dr-medynski\/"]}]},{"@type":"ImageObject","inLanguage":"fr-FR","@id":"https:\/\/francelyme.fr\/site\/conference-tout-public-dr-ghozzi-et-dr-medynski\/#primaryimage","url":"https:\/\/francelyme.fr\/site\/wp-content\/uploads\/2018\/06\/Auch_20180624-conf_lyme_preview.jpeg","contentUrl":"https:\/\/francelyme.fr\/site\/wp-content\/uploads\/2018\/06\/Auch_20180624-conf_lyme_preview.jpeg","width":905,"height":1280,"caption":""},{"@type":"BreadcrumbList","@id":"https:\/\/francelyme.fr\/site\/conference-tout-public-dr-ghozzi-et-dr-medynski\/#breadcrumb","itemListElement":[{"@type":"ListItem","position":1,"name":"Accueil","item":"https:\/\/francelyme.fr\/site\/"},{"@type":"ListItem","position":2,"name":"Conf\u00e9rence tout public, Dr Ghozzi et Dr Medynski"}]},{"@type":"WebSite","@id":"https:\/\/francelyme.fr\/site\/#website","url":"https:\/\/francelyme.fr\/site\/","name":"Association France Lyme","description":"Association de lutte contre les maladies vectorielles \u00e0 tiques","publisher":{"@id":"https:\/\/francelyme.fr\/site\/#organization"},"potentialAction":[{"@type":"SearchAction","target":{"@type":"EntryPoint","urlTemplate":"https:\/\/francelyme.fr\/site\/?s={search_term_string}"},"query-input":{"@type":"PropertyValueSpecification","valueRequired":true,"valueName":"search_term_string"}}],"inLanguage":"fr-FR"},{"@type":"Organization","@id":"https:\/\/francelyme.fr\/site\/#organization","name":"France Lyme","url":"https:\/\/francelyme.fr\/site\/","logo":{"@type":"ImageObject","inLanguage":"fr-FR","@id":"https:\/\/francelyme.fr\/site\/#\/schema\/logo\/image\/","url":"https:\/\/francelyme.fr\/site\/wp-content\/uploads\/2019\/05\/francelyme-site.gif","contentUrl":"https:\/\/francelyme.fr\/site\/wp-content\/uploads\/2019\/05\/francelyme-site.gif","width":180,"height":180,"caption":"France Lyme"},"image":{"@id":"https:\/\/francelyme.fr\/site\/#\/schema\/logo\/image\/"},"sameAs":["https:\/\/www.facebook.com\/france.lyme","https:\/\/x.com\/francelyme","https:\/\/www.youtube.com\/channel\/UClMCGl3dvkz0iAgXFR1NH1A"]},{"@type":"Person","@id":"https:\/\/francelyme.fr\/site\/#\/schema\/person\/1a2c2689f69ecd6062cfac7d4b12f265","name":"AdminFL","image":{"@type":"ImageObject","inLanguage":"fr-FR","@id":"https:\/\/secure.gravatar.com\/avatar\/4920874779d1914d5cba6d6dc7a2f20c832bb43238e659994a133a63cb03c29e?s=96&d=mm&r=g","url":"https:\/\/secure.gravatar.com\/avatar\/4920874779d1914d5cba6d6dc7a2f20c832bb43238e659994a133a63cb03c29e?s=96&d=mm&r=g","contentUrl":"https:\/\/secure.gravatar.com\/avatar\/4920874779d1914d5cba6d6dc7a2f20c832bb43238e659994a133a63cb03c29e?s=96&d=mm&r=g","caption":"AdminFL"},"url":"https:\/\/francelyme.fr\/site\/author\/fralymadm\/"}]}},"_links":{"self":[{"href":"https:\/\/francelyme.fr\/site\/wp-json\/wp\/v2\/posts\/7144","targetHints":{"allow":["GET"]}}],"collection":[{"href":"https:\/\/francelyme.fr\/site\/wp-json\/wp\/v2\/posts"}],"about":[{"href":"https:\/\/francelyme.fr\/site\/wp-json\/wp\/v2\/types\/post"}],"author":[{"embeddable":true,"href":"https:\/\/francelyme.fr\/site\/wp-json\/wp\/v2\/users\/1"}],"replies":[{"embeddable":true,"href":"https:\/\/francelyme.fr\/site\/wp-json\/wp\/v2\/comments?post=7144"}],"version-history":[{"count":0,"href":"https:\/\/francelyme.fr\/site\/wp-json\/wp\/v2\/posts\/7144\/revisions"}],"wp:featuredmedia":[{"embeddable":true,"href":"https:\/\/francelyme.fr\/site\/wp-json\/wp\/v2\/media\/7145"}],"wp:attachment":[{"href":"https:\/\/francelyme.fr\/site\/wp-json\/wp\/v2\/media?parent=7144"}],"wp:term":[{"taxonomy":"category","embeddable":true,"href":"https:\/\/francelyme.fr\/site\/wp-json\/wp\/v2\/categories?post=7144"},{"taxonomy":"post_tag","embeddable":true,"href":"https:\/\/francelyme.fr\/site\/wp-json\/wp\/v2\/tags?post=7144"}],"curies":[{"name":"wp","href":"https:\/\/api.w.org\/{rel}","templated":true}]}}