{"id":7685,"date":"2018-12-02T19:32:10","date_gmt":"2018-12-02T18:32:10","guid":{"rendered":"https:\/\/francelyme.fr\/?p=7685"},"modified":"2019-07-22T19:09:58","modified_gmt":"2019-07-22T17:09:58","slug":"conferences-pr-perronne-30-novembre-et-1er-decembre-2018-creuse","status":"publish","type":"post","link":"https:\/\/francelyme.fr\/site\/conferences-pr-perronne-30-novembre-et-1er-decembre-2018-creuse\/","title":{"rendered":"Conf\u00e9rences Pr Perronne, 30 novembre et 1er d\u00e9cembre 2018, Creuse"},"content":{"rendered":"<div class=\"like-button\" style=\"float: right; clear: both; text-align: right; width = 100%;\">\n<!-- Facebook Like Button Vivacity Infotech BEGIN -->\n<div class=\"fb-like\" data-href=\"https:\/\/francelyme.fr\/site\/conferences-pr-perronne-30-novembre-et-1er-decembre-2018-creuse\/\" data-layout=\"box_count\" data-action=\"like\" data-show-faces=\"false\" data-size=\"large\" data-width=\"450\" data-share=\"1\" ><\/div><\/div>\n<!-- Facebook Like Button Vivacity Infotech END -->\n<div id=\"fb-root\"><\/div>\n<p style=\"text-align: center\"><a href=\"http:\/\/francelyme.fr\/site\/wp-content\/uploads\/2018\/12\/Lyme.-Creuse.-2.-Nov.-D\u00e9c.-2018.pdf\">Diaporama de la conf\u00e9rence du Pr Perronne en Creuse 1er d\u00e9cembre 2018<\/a><\/p>\n<p>Le 30 novembre au soir, la premi\u00e8re \u00e9tait r\u00e9serv\u00e9e aux professionnels de sant\u00e9: plus de 110 personnes, plus de la moiti\u00e9 de la salle \u00e9taient des m\u00e9decins.<br \/>\nLe 1er d\u00e9cembre apr\u00e8s-midi, la conf\u00e9rence tout public a attir\u00e9 environ 400 personnes.<br \/>\nUn grand merci \u00e0 la Maison de Sant\u00e9 Bourganeuf &#8211; Saint Dizier Leyrenne pour avoir co-organis\u00e9 ces conf\u00e9rences et apport\u00e9 le soutien logistique, au Dr Herv\u00e9 Guillaumot et \u00e0 tous les b\u00e9n\u00e9voles de la Section Creuse, notamment Mich\u00e8le, et \u00e9videmment au Pr Perronne !<\/p>\n<p><a href=\"http:\/\/francelyme.fr\/site\/wp-content\/uploads\/2018\/12\/47573953_2569962349695504_235188595198001152_n.jpg\"><img loading=\"lazy\" decoding=\"async\" class=\"aligncenter size-medium wp-image-7686\" src=\"http:\/\/francelyme.fr\/site\/wp-content\/uploads\/2018\/12\/47573953_2569962349695504_235188595198001152_n-300x226.jpg\" alt=\"\" width=\"300\" height=\"226\" srcset=\"https:\/\/francelyme.fr\/site\/wp-content\/uploads\/2018\/12\/47573953_2569962349695504_235188595198001152_n-300x226.jpg 300w, https:\/\/francelyme.fr\/site\/wp-content\/uploads\/2018\/12\/47573953_2569962349695504_235188595198001152_n.jpg 665w\" sizes=\"auto, (max-width: 300px) 100vw, 300px\" \/><\/a> <a href=\"http:\/\/francelyme.fr\/site\/wp-content\/uploads\/2018\/12\/47222107_2569962259695513_2820408227605250048_n.jpg\"><img loading=\"lazy\" decoding=\"async\" class=\"aligncenter size-medium wp-image-7687\" src=\"http:\/\/francelyme.fr\/site\/wp-content\/uploads\/2018\/12\/47222107_2569962259695513_2820408227605250048_n-288x300.jpg\" alt=\"\" width=\"288\" height=\"300\" srcset=\"https:\/\/francelyme.fr\/site\/wp-content\/uploads\/2018\/12\/47222107_2569962259695513_2820408227605250048_n-288x300.jpg 288w, https:\/\/francelyme.fr\/site\/wp-content\/uploads\/2018\/12\/47222107_2569962259695513_2820408227605250048_n.jpg 720w\" sizes=\"auto, (max-width: 288px) 100vw, 288px\" \/><\/a> <a href=\"http:\/\/francelyme.fr\/site\/wp-content\/uploads\/2018\/12\/47258289_2569962193028853_4982482390610870272_n.jpg\"><img loading=\"lazy\" decoding=\"async\" class=\"aligncenter size-medium wp-image-7688\" src=\"http:\/\/francelyme.fr\/site\/wp-content\/uploads\/2018\/12\/47258289_2569962193028853_4982482390610870272_n-300x183.jpg\" alt=\"\" width=\"300\" height=\"183\" srcset=\"https:\/\/francelyme.fr\/site\/wp-content\/uploads\/2018\/12\/47258289_2569962193028853_4982482390610870272_n-300x183.jpg 300w, https:\/\/francelyme.fr\/site\/wp-content\/uploads\/2018\/12\/47258289_2569962193028853_4982482390610870272_n.jpg 677w\" sizes=\"auto, (max-width: 300px) 100vw, 300px\" \/><\/a> <a href=\"http:\/\/francelyme.fr\/site\/wp-content\/uploads\/2018\/12\/47232147_2569962113028861_2606639626449846272_n.jpg\"><img loading=\"lazy\" decoding=\"async\" class=\"aligncenter size-medium wp-image-7689\" src=\"http:\/\/francelyme.fr\/site\/wp-content\/uploads\/2018\/12\/47232147_2569962113028861_2606639626449846272_n-300x230.jpg\" alt=\"\" width=\"300\" height=\"230\" srcset=\"https:\/\/francelyme.fr\/site\/wp-content\/uploads\/2018\/12\/47232147_2569962113028861_2606639626449846272_n-300x230.jpg 300w, https:\/\/francelyme.fr\/site\/wp-content\/uploads\/2018\/12\/47232147_2569962113028861_2606639626449846272_n.jpg 548w\" sizes=\"auto, (max-width: 300px) 100vw, 300px\" \/><\/a> <a href=\"http:\/\/francelyme.fr\/site\/wp-content\/uploads\/2018\/12\/47275550_2569962049695534_6220511416672059392_n.jpg\"><img loading=\"lazy\" decoding=\"async\" class=\"aligncenter size-medium wp-image-7690\" src=\"http:\/\/francelyme.fr\/site\/wp-content\/uploads\/2018\/12\/47275550_2569962049695534_6220511416672059392_n-300x225.jpg\" alt=\"\" width=\"300\" height=\"225\" srcset=\"https:\/\/francelyme.fr\/site\/wp-content\/uploads\/2018\/12\/47275550_2569962049695534_6220511416672059392_n-300x225.jpg 300w, https:\/\/francelyme.fr\/site\/wp-content\/uploads\/2018\/12\/47275550_2569962049695534_6220511416672059392_n.jpg 720w\" sizes=\"auto, (max-width: 300px) 100vw, 300px\" \/><\/a> <a href=\"http:\/\/francelyme.fr\/site\/wp-content\/uploads\/2018\/12\/47235485_2569962023028870_6025872397989576704_n.jpg\"><img loading=\"lazy\" decoding=\"async\" class=\"aligncenter size-medium wp-image-7691\" src=\"http:\/\/francelyme.fr\/site\/wp-content\/uploads\/2018\/12\/47235485_2569962023028870_6025872397989576704_n-300x225.jpg\" alt=\"\" width=\"300\" height=\"225\" srcset=\"https:\/\/francelyme.fr\/site\/wp-content\/uploads\/2018\/12\/47235485_2569962023028870_6025872397989576704_n-300x225.jpg 300w, https:\/\/francelyme.fr\/site\/wp-content\/uploads\/2018\/12\/47235485_2569962023028870_6025872397989576704_n.jpg 720w\" sizes=\"auto, (max-width: 300px) 100vw, 300px\" \/><\/a> <a href=\"http:\/\/francelyme.fr\/site\/wp-content\/uploads\/2018\/12\/47386192_2569961949695544_4585195119707160576_n.jpg\"><img loading=\"lazy\" decoding=\"async\" class=\"aligncenter size-medium wp-image-7692\" src=\"http:\/\/francelyme.fr\/site\/wp-content\/uploads\/2018\/12\/47386192_2569961949695544_4585195119707160576_n-300x225.jpg\" alt=\"\" width=\"300\" height=\"225\" srcset=\"https:\/\/francelyme.fr\/site\/wp-content\/uploads\/2018\/12\/47386192_2569961949695544_4585195119707160576_n-300x225.jpg 300w, https:\/\/francelyme.fr\/site\/wp-content\/uploads\/2018\/12\/47386192_2569961949695544_4585195119707160576_n.jpg 720w\" sizes=\"auto, (max-width: 300px) 100vw, 300px\" \/><\/a> <a href=\"http:\/\/francelyme.fr\/site\/wp-content\/uploads\/2018\/12\/47238405_2569961883028884_1482553402691944448_n.jpg\"><img loading=\"lazy\" decoding=\"async\" class=\"aligncenter size-medium wp-image-7693\" src=\"http:\/\/francelyme.fr\/site\/wp-content\/uploads\/2018\/12\/47238405_2569961883028884_1482553402691944448_n-300x199.jpg\" alt=\"\" width=\"300\" height=\"199\" srcset=\"https:\/\/francelyme.fr\/site\/wp-content\/uploads\/2018\/12\/47238405_2569961883028884_1482553402691944448_n-300x199.jpg 300w, https:\/\/francelyme.fr\/site\/wp-content\/uploads\/2018\/12\/47238405_2569961883028884_1482553402691944448_n.jpg 720w\" sizes=\"auto, (max-width: 300px) 100vw, 300px\" \/><\/a> <a href=\"http:\/\/francelyme.fr\/site\/wp-content\/uploads\/2018\/12\/47324568_2569961816362224_2837056899529048064_n.jpg\"><img loading=\"lazy\" decoding=\"async\" class=\"aligncenter size-medium wp-image-7694\" src=\"http:\/\/francelyme.fr\/site\/wp-content\/uploads\/2018\/12\/47324568_2569961816362224_2837056899529048064_n-300x276.jpg\" alt=\"\" width=\"300\" height=\"276\" srcset=\"https:\/\/francelyme.fr\/site\/wp-content\/uploads\/2018\/12\/47324568_2569961816362224_2837056899529048064_n-300x276.jpg 300w, https:\/\/francelyme.fr\/site\/wp-content\/uploads\/2018\/12\/47324568_2569961816362224_2837056899529048064_n.jpg 720w\" sizes=\"auto, (max-width: 300px) 100vw, 300px\" \/><\/a> <a href=\"http:\/\/francelyme.fr\/site\/wp-content\/uploads\/2018\/12\/47391814_2569961759695563_753296285435428864_n.jpg\"><img loading=\"lazy\" decoding=\"async\" class=\"aligncenter size-medium wp-image-7695\" src=\"http:\/\/francelyme.fr\/site\/wp-content\/uploads\/2018\/12\/47391814_2569961759695563_753296285435428864_n-300x225.jpg\" alt=\"\" width=\"300\" height=\"225\" srcset=\"https:\/\/francelyme.fr\/site\/wp-content\/uploads\/2018\/12\/47391814_2569961759695563_753296285435428864_n-300x225.jpg 300w, https:\/\/francelyme.fr\/site\/wp-content\/uploads\/2018\/12\/47391814_2569961759695563_753296285435428864_n.jpg 720w\" sizes=\"auto, (max-width: 300px) 100vw, 300px\" \/><\/a> <a href=\"http:\/\/francelyme.fr\/site\/wp-content\/uploads\/2018\/12\/47183394_2569961723028900_1186807263268962304_n.jpg\"><img loading=\"lazy\" decoding=\"async\" class=\"aligncenter size-medium wp-image-7696\" src=\"http:\/\/francelyme.fr\/site\/wp-content\/uploads\/2018\/12\/47183394_2569961723028900_1186807263268962304_n-300x225.jpg\" alt=\"\" width=\"300\" height=\"225\" srcset=\"https:\/\/francelyme.fr\/site\/wp-content\/uploads\/2018\/12\/47183394_2569961723028900_1186807263268962304_n-300x225.jpg 300w, https:\/\/francelyme.fr\/site\/wp-content\/uploads\/2018\/12\/47183394_2569961723028900_1186807263268962304_n.jpg 720w\" sizes=\"auto, (max-width: 300px) 100vw, 300px\" \/><\/a> <a href=\"http:\/\/francelyme.fr\/site\/wp-content\/uploads\/2018\/12\/47581104_2569961669695572_8397480217022562304_n.jpg\"><img loading=\"lazy\" decoding=\"async\" class=\"aligncenter size-medium wp-image-7697\" src=\"http:\/\/francelyme.fr\/site\/wp-content\/uploads\/2018\/12\/47581104_2569961669695572_8397480217022562304_n-300x225.jpg\" alt=\"\" width=\"300\" height=\"225\" srcset=\"https:\/\/francelyme.fr\/site\/wp-content\/uploads\/2018\/12\/47581104_2569961669695572_8397480217022562304_n-300x225.jpg 300w, https:\/\/francelyme.fr\/site\/wp-content\/uploads\/2018\/12\/47581104_2569961669695572_8397480217022562304_n.jpg 720w\" sizes=\"auto, (max-width: 300px) 100vw, 300px\" \/><\/a> <a href=\"http:\/\/francelyme.fr\/site\/wp-content\/uploads\/2018\/12\/47277806_2569961616362244_2499100345506988032_n.jpg\"><img loading=\"lazy\" decoding=\"async\" class=\"aligncenter size-medium wp-image-7698\" src=\"http:\/\/francelyme.fr\/site\/wp-content\/uploads\/2018\/12\/47277806_2569961616362244_2499100345506988032_n-225x300.jpg\" alt=\"\" width=\"225\" height=\"300\" srcset=\"https:\/\/francelyme.fr\/site\/wp-content\/uploads\/2018\/12\/47277806_2569961616362244_2499100345506988032_n-225x300.jpg 225w, https:\/\/francelyme.fr\/site\/wp-content\/uploads\/2018\/12\/47277806_2569961616362244_2499100345506988032_n.jpg 720w\" sizes=\"auto, (max-width: 225px) 100vw, 225px\" \/><\/a> <a href=\"http:\/\/francelyme.fr\/site\/wp-content\/uploads\/2018\/12\/47168029_2569961579695581_2452533691608465408_n.jpg\"><img loading=\"lazy\" decoding=\"async\" class=\"aligncenter size-medium wp-image-7699\" src=\"http:\/\/francelyme.fr\/site\/wp-content\/uploads\/2018\/12\/47168029_2569961579695581_2452533691608465408_n-224x300.jpg\" alt=\"\" width=\"224\" height=\"300\" srcset=\"https:\/\/francelyme.fr\/site\/wp-content\/uploads\/2018\/12\/47168029_2569961579695581_2452533691608465408_n-224x300.jpg 224w, https:\/\/francelyme.fr\/site\/wp-content\/uploads\/2018\/12\/47168029_2569961579695581_2452533691608465408_n.jpg 716w\" sizes=\"auto, (max-width: 224px) 100vw, 224px\" \/><\/a><\/p>\n<p style=\"text-align: center\">\n<div class=\"like-button\" style=\"float: right; clear: both; text-align: right; width = 100%;\">\n<!-- Facebook Like Button Vivacity Infotech BEGIN -->\n<div class=\"fb-like\" data-href=\"https:\/\/francelyme.fr\/site\/conferences-pr-perronne-30-novembre-et-1er-decembre-2018-creuse\/\" data-layout=\"box_count\" data-action=\"like\" data-show-faces=\"false\" data-size=\"large\" data-width=\"450\" data-share=\"1\" ><\/div><\/div>\n<!-- Facebook Like Button Vivacity Infotech END -->\n","protected":false},"excerpt":{"rendered":"","protected":false},"author":1,"featured_media":7698,"comment_status":"closed","ping_status":"closed","sticky":false,"template":"","format":"standard","meta":{"footnotes":""},"categories":[56,38,14],"tags":[],"class_list":["post-7685","post","type-post","status-publish","format-standard","has-post-thumbnail","hentry","category-conference","category-en-regions","category-limousin"],"yoast_head":"<!-- This site is optimized with the Yoast SEO plugin v27.3 - https:\/\/yoast.com\/product\/yoast-seo-wordpress\/ -->\n<title>Conf\u00e9rences Pr Perronne, 30 novembre et 1er d\u00e9cembre 2018, Creuse - Association France Lyme<\/title>\n<meta name=\"robots\" content=\"index, follow, max-snippet:-1, max-image-preview:large, max-video-preview:-1\" \/>\n<link rel=\"canonical\" href=\"https:\/\/francelyme.fr\/site\/conferences-pr-perronne-30-novembre-et-1er-decembre-2018-creuse\/\" \/>\n<meta property=\"og:locale\" content=\"fr_FR\" \/>\n<meta property=\"og:type\" content=\"article\" \/>\n<meta property=\"og:title\" content=\"Conf\u00e9rences Pr Perronne, 30 novembre et 1er d\u00e9cembre 2018, Creuse - Association France Lyme\" \/>\n<meta property=\"og:url\" content=\"https:\/\/francelyme.fr\/site\/conferences-pr-perronne-30-novembre-et-1er-decembre-2018-creuse\/\" \/>\n<meta property=\"og:site_name\" content=\"Association France Lyme\" \/>\n<meta property=\"article:publisher\" content=\"https:\/\/www.facebook.com\/france.lyme\" \/>\n<meta property=\"article:published_time\" content=\"2018-12-02T18:32:10+00:00\" \/>\n<meta property=\"article:modified_time\" content=\"2019-07-22T17:09:58+00:00\" \/>\n<meta property=\"og:image\" content=\"https:\/\/francelyme.fr\/site\/wp-content\/uploads\/2018\/12\/47277806_2569961616362244_2499100345506988032_n.jpg\" \/>\n\t<meta property=\"og:image:width\" content=\"720\" \/>\n\t<meta property=\"og:image:height\" content=\"960\" \/>\n\t<meta property=\"og:image:type\" content=\"image\/jpeg\" \/>\n<meta name=\"author\" content=\"AdminFL\" \/>\n<meta name=\"twitter:card\" content=\"summary_large_image\" \/>\n<meta name=\"twitter:creator\" content=\"@francelyme\" \/>\n<meta name=\"twitter:site\" content=\"@francelyme\" \/>\n<meta name=\"twitter:label1\" content=\"\u00c9crit par\" \/>\n\t<meta name=\"twitter:data1\" content=\"AdminFL\" \/>\n\t<meta name=\"twitter:label2\" content=\"Dur\u00e9e de lecture estim\u00e9e\" \/>\n\t<meta name=\"twitter:data2\" content=\"1 minute\" \/>\n<script type=\"application\/ld+json\" class=\"yoast-schema-graph\">{\"@context\":\"https:\\\/\\\/schema.org\",\"@graph\":[{\"@type\":\"Article\",\"@id\":\"https:\\\/\\\/francelyme.fr\\\/site\\\/conferences-pr-perronne-30-novembre-et-1er-decembre-2018-creuse\\\/#article\",\"isPartOf\":{\"@id\":\"https:\\\/\\\/francelyme.fr\\\/site\\\/conferences-pr-perronne-30-novembre-et-1er-decembre-2018-creuse\\\/\"},\"author\":{\"name\":\"AdminFL\",\"@id\":\"https:\\\/\\\/francelyme.fr\\\/site\\\/#\\\/schema\\\/person\\\/1a2c2689f69ecd6062cfac7d4b12f265\"},\"headline\":\"Conf\u00e9rences Pr Perronne, 30 novembre et 1er d\u00e9cembre 2018, Creuse\",\"datePublished\":\"2018-12-02T18:32:10+00:00\",\"dateModified\":\"2019-07-22T17:09:58+00:00\",\"mainEntityOfPage\":{\"@id\":\"https:\\\/\\\/francelyme.fr\\\/site\\\/conferences-pr-perronne-30-novembre-et-1er-decembre-2018-creuse\\\/\"},\"wordCount\":112,\"publisher\":{\"@id\":\"https:\\\/\\\/francelyme.fr\\\/site\\\/#organization\"},\"image\":{\"@id\":\"https:\\\/\\\/francelyme.fr\\\/site\\\/conferences-pr-perronne-30-novembre-et-1er-decembre-2018-creuse\\\/#primaryimage\"},\"thumbnailUrl\":\"https:\\\/\\\/francelyme.fr\\\/site\\\/wp-content\\\/uploads\\\/2018\\\/12\\\/47277806_2569961616362244_2499100345506988032_n.jpg\",\"articleSection\":[\"Conf\u00e9rences\",\"En r\u00e9gions\",\"Limousin\"],\"inLanguage\":\"fr-FR\"},{\"@type\":\"WebPage\",\"@id\":\"https:\\\/\\\/francelyme.fr\\\/site\\\/conferences-pr-perronne-30-novembre-et-1er-decembre-2018-creuse\\\/\",\"url\":\"https:\\\/\\\/francelyme.fr\\\/site\\\/conferences-pr-perronne-30-novembre-et-1er-decembre-2018-creuse\\\/\",\"name\":\"Conf\u00e9rences Pr Perronne, 30 novembre et 1er d\u00e9cembre 2018, Creuse - Association France Lyme\",\"isPartOf\":{\"@id\":\"https:\\\/\\\/francelyme.fr\\\/site\\\/#website\"},\"primaryImageOfPage\":{\"@id\":\"https:\\\/\\\/francelyme.fr\\\/site\\\/conferences-pr-perronne-30-novembre-et-1er-decembre-2018-creuse\\\/#primaryimage\"},\"image\":{\"@id\":\"https:\\\/\\\/francelyme.fr\\\/site\\\/conferences-pr-perronne-30-novembre-et-1er-decembre-2018-creuse\\\/#primaryimage\"},\"thumbnailUrl\":\"https:\\\/\\\/francelyme.fr\\\/site\\\/wp-content\\\/uploads\\\/2018\\\/12\\\/47277806_2569961616362244_2499100345506988032_n.jpg\",\"datePublished\":\"2018-12-02T18:32:10+00:00\",\"dateModified\":\"2019-07-22T17:09:58+00:00\",\"breadcrumb\":{\"@id\":\"https:\\\/\\\/francelyme.fr\\\/site\\\/conferences-pr-perronne-30-novembre-et-1er-decembre-2018-creuse\\\/#breadcrumb\"},\"inLanguage\":\"fr-FR\",\"potentialAction\":[{\"@type\":\"ReadAction\",\"target\":[\"https:\\\/\\\/francelyme.fr\\\/site\\\/conferences-pr-perronne-30-novembre-et-1er-decembre-2018-creuse\\\/\"]}]},{\"@type\":\"ImageObject\",\"inLanguage\":\"fr-FR\",\"@id\":\"https:\\\/\\\/francelyme.fr\\\/site\\\/conferences-pr-perronne-30-novembre-et-1er-decembre-2018-creuse\\\/#primaryimage\",\"url\":\"https:\\\/\\\/francelyme.fr\\\/site\\\/wp-content\\\/uploads\\\/2018\\\/12\\\/47277806_2569961616362244_2499100345506988032_n.jpg\",\"contentUrl\":\"https:\\\/\\\/francelyme.fr\\\/site\\\/wp-content\\\/uploads\\\/2018\\\/12\\\/47277806_2569961616362244_2499100345506988032_n.jpg\",\"width\":720,\"height\":960,\"caption\":\"\"},{\"@type\":\"BreadcrumbList\",\"@id\":\"https:\\\/\\\/francelyme.fr\\\/site\\\/conferences-pr-perronne-30-novembre-et-1er-decembre-2018-creuse\\\/#breadcrumb\",\"itemListElement\":[{\"@type\":\"ListItem\",\"position\":1,\"name\":\"Accueil\",\"item\":\"https:\\\/\\\/francelyme.fr\\\/site\\\/\"},{\"@type\":\"ListItem\",\"position\":2,\"name\":\"Conf\u00e9rences Pr Perronne, 30 novembre et 1er d\u00e9cembre 2018, Creuse\"}]},{\"@type\":\"WebSite\",\"@id\":\"https:\\\/\\\/francelyme.fr\\\/site\\\/#website\",\"url\":\"https:\\\/\\\/francelyme.fr\\\/site\\\/\",\"name\":\"Association France Lyme\",\"description\":\"Association de lutte contre les maladies vectorielles \u00e0 tiques\",\"publisher\":{\"@id\":\"https:\\\/\\\/francelyme.fr\\\/site\\\/#organization\"},\"potentialAction\":[{\"@type\":\"SearchAction\",\"target\":{\"@type\":\"EntryPoint\",\"urlTemplate\":\"https:\\\/\\\/francelyme.fr\\\/site\\\/?s={search_term_string}\"},\"query-input\":{\"@type\":\"PropertyValueSpecification\",\"valueRequired\":true,\"valueName\":\"search_term_string\"}}],\"inLanguage\":\"fr-FR\"},{\"@type\":\"Organization\",\"@id\":\"https:\\\/\\\/francelyme.fr\\\/site\\\/#organization\",\"name\":\"France Lyme\",\"url\":\"https:\\\/\\\/francelyme.fr\\\/site\\\/\",\"logo\":{\"@type\":\"ImageObject\",\"inLanguage\":\"fr-FR\",\"@id\":\"https:\\\/\\\/francelyme.fr\\\/site\\\/#\\\/schema\\\/logo\\\/image\\\/\",\"url\":\"https:\\\/\\\/francelyme.fr\\\/site\\\/wp-content\\\/uploads\\\/2019\\\/05\\\/francelyme-site.gif\",\"contentUrl\":\"https:\\\/\\\/francelyme.fr\\\/site\\\/wp-content\\\/uploads\\\/2019\\\/05\\\/francelyme-site.gif\",\"width\":180,\"height\":180,\"caption\":\"France Lyme\"},\"image\":{\"@id\":\"https:\\\/\\\/francelyme.fr\\\/site\\\/#\\\/schema\\\/logo\\\/image\\\/\"},\"sameAs\":[\"https:\\\/\\\/www.facebook.com\\\/france.lyme\",\"https:\\\/\\\/x.com\\\/francelyme\",\"https:\\\/\\\/www.youtube.com\\\/channel\\\/UClMCGl3dvkz0iAgXFR1NH1A\"]},{\"@type\":\"Person\",\"@id\":\"https:\\\/\\\/francelyme.fr\\\/site\\\/#\\\/schema\\\/person\\\/1a2c2689f69ecd6062cfac7d4b12f265\",\"name\":\"AdminFL\",\"image\":{\"@type\":\"ImageObject\",\"inLanguage\":\"fr-FR\",\"@id\":\"https:\\\/\\\/secure.gravatar.com\\\/avatar\\\/4920874779d1914d5cba6d6dc7a2f20c832bb43238e659994a133a63cb03c29e?s=96&d=mm&r=g\",\"url\":\"https:\\\/\\\/secure.gravatar.com\\\/avatar\\\/4920874779d1914d5cba6d6dc7a2f20c832bb43238e659994a133a63cb03c29e?s=96&d=mm&r=g\",\"contentUrl\":\"https:\\\/\\\/secure.gravatar.com\\\/avatar\\\/4920874779d1914d5cba6d6dc7a2f20c832bb43238e659994a133a63cb03c29e?s=96&d=mm&r=g\",\"caption\":\"AdminFL\"},\"url\":\"https:\\\/\\\/francelyme.fr\\\/site\\\/author\\\/fralymadm\\\/\"}]}<\/script>\n<!-- \/ Yoast SEO plugin. -->","yoast_head_json":{"title":"Conf\u00e9rences Pr Perronne, 30 novembre et 1er d\u00e9cembre 2018, Creuse - Association France Lyme","robots":{"index":"index","follow":"follow","max-snippet":"max-snippet:-1","max-image-preview":"max-image-preview:large","max-video-preview":"max-video-preview:-1"},"canonical":"https:\/\/francelyme.fr\/site\/conferences-pr-perronne-30-novembre-et-1er-decembre-2018-creuse\/","og_locale":"fr_FR","og_type":"article","og_title":"Conf\u00e9rences Pr Perronne, 30 novembre et 1er d\u00e9cembre 2018, Creuse - Association France Lyme","og_url":"https:\/\/francelyme.fr\/site\/conferences-pr-perronne-30-novembre-et-1er-decembre-2018-creuse\/","og_site_name":"Association France Lyme","article_publisher":"https:\/\/www.facebook.com\/france.lyme","article_published_time":"2018-12-02T18:32:10+00:00","article_modified_time":"2019-07-22T17:09:58+00:00","og_image":[{"width":720,"height":960,"url":"https:\/\/francelyme.fr\/site\/wp-content\/uploads\/2018\/12\/47277806_2569961616362244_2499100345506988032_n.jpg","type":"image\/jpeg"}],"author":"AdminFL","twitter_card":"summary_large_image","twitter_creator":"@francelyme","twitter_site":"@francelyme","twitter_misc":{"\u00c9crit par":"AdminFL","Dur\u00e9e de lecture estim\u00e9e":"1 minute"},"schema":{"@context":"https:\/\/schema.org","@graph":[{"@type":"Article","@id":"https:\/\/francelyme.fr\/site\/conferences-pr-perronne-30-novembre-et-1er-decembre-2018-creuse\/#article","isPartOf":{"@id":"https:\/\/francelyme.fr\/site\/conferences-pr-perronne-30-novembre-et-1er-decembre-2018-creuse\/"},"author":{"name":"AdminFL","@id":"https:\/\/francelyme.fr\/site\/#\/schema\/person\/1a2c2689f69ecd6062cfac7d4b12f265"},"headline":"Conf\u00e9rences Pr Perronne, 30 novembre et 1er d\u00e9cembre 2018, Creuse","datePublished":"2018-12-02T18:32:10+00:00","dateModified":"2019-07-22T17:09:58+00:00","mainEntityOfPage":{"@id":"https:\/\/francelyme.fr\/site\/conferences-pr-perronne-30-novembre-et-1er-decembre-2018-creuse\/"},"wordCount":112,"publisher":{"@id":"https:\/\/francelyme.fr\/site\/#organization"},"image":{"@id":"https:\/\/francelyme.fr\/site\/conferences-pr-perronne-30-novembre-et-1er-decembre-2018-creuse\/#primaryimage"},"thumbnailUrl":"https:\/\/francelyme.fr\/site\/wp-content\/uploads\/2018\/12\/47277806_2569961616362244_2499100345506988032_n.jpg","articleSection":["Conf\u00e9rences","En r\u00e9gions","Limousin"],"inLanguage":"fr-FR"},{"@type":"WebPage","@id":"https:\/\/francelyme.fr\/site\/conferences-pr-perronne-30-novembre-et-1er-decembre-2018-creuse\/","url":"https:\/\/francelyme.fr\/site\/conferences-pr-perronne-30-novembre-et-1er-decembre-2018-creuse\/","name":"Conf\u00e9rences Pr Perronne, 30 novembre et 1er d\u00e9cembre 2018, Creuse - Association France Lyme","isPartOf":{"@id":"https:\/\/francelyme.fr\/site\/#website"},"primaryImageOfPage":{"@id":"https:\/\/francelyme.fr\/site\/conferences-pr-perronne-30-novembre-et-1er-decembre-2018-creuse\/#primaryimage"},"image":{"@id":"https:\/\/francelyme.fr\/site\/conferences-pr-perronne-30-novembre-et-1er-decembre-2018-creuse\/#primaryimage"},"thumbnailUrl":"https:\/\/francelyme.fr\/site\/wp-content\/uploads\/2018\/12\/47277806_2569961616362244_2499100345506988032_n.jpg","datePublished":"2018-12-02T18:32:10+00:00","dateModified":"2019-07-22T17:09:58+00:00","breadcrumb":{"@id":"https:\/\/francelyme.fr\/site\/conferences-pr-perronne-30-novembre-et-1er-decembre-2018-creuse\/#breadcrumb"},"inLanguage":"fr-FR","potentialAction":[{"@type":"ReadAction","target":["https:\/\/francelyme.fr\/site\/conferences-pr-perronne-30-novembre-et-1er-decembre-2018-creuse\/"]}]},{"@type":"ImageObject","inLanguage":"fr-FR","@id":"https:\/\/francelyme.fr\/site\/conferences-pr-perronne-30-novembre-et-1er-decembre-2018-creuse\/#primaryimage","url":"https:\/\/francelyme.fr\/site\/wp-content\/uploads\/2018\/12\/47277806_2569961616362244_2499100345506988032_n.jpg","contentUrl":"https:\/\/francelyme.fr\/site\/wp-content\/uploads\/2018\/12\/47277806_2569961616362244_2499100345506988032_n.jpg","width":720,"height":960,"caption":""},{"@type":"BreadcrumbList","@id":"https:\/\/francelyme.fr\/site\/conferences-pr-perronne-30-novembre-et-1er-decembre-2018-creuse\/#breadcrumb","itemListElement":[{"@type":"ListItem","position":1,"name":"Accueil","item":"https:\/\/francelyme.fr\/site\/"},{"@type":"ListItem","position":2,"name":"Conf\u00e9rences Pr Perronne, 30 novembre et 1er d\u00e9cembre 2018, Creuse"}]},{"@type":"WebSite","@id":"https:\/\/francelyme.fr\/site\/#website","url":"https:\/\/francelyme.fr\/site\/","name":"Association France Lyme","description":"Association de lutte contre les maladies vectorielles \u00e0 tiques","publisher":{"@id":"https:\/\/francelyme.fr\/site\/#organization"},"potentialAction":[{"@type":"SearchAction","target":{"@type":"EntryPoint","urlTemplate":"https:\/\/francelyme.fr\/site\/?s={search_term_string}"},"query-input":{"@type":"PropertyValueSpecification","valueRequired":true,"valueName":"search_term_string"}}],"inLanguage":"fr-FR"},{"@type":"Organization","@id":"https:\/\/francelyme.fr\/site\/#organization","name":"France Lyme","url":"https:\/\/francelyme.fr\/site\/","logo":{"@type":"ImageObject","inLanguage":"fr-FR","@id":"https:\/\/francelyme.fr\/site\/#\/schema\/logo\/image\/","url":"https:\/\/francelyme.fr\/site\/wp-content\/uploads\/2019\/05\/francelyme-site.gif","contentUrl":"https:\/\/francelyme.fr\/site\/wp-content\/uploads\/2019\/05\/francelyme-site.gif","width":180,"height":180,"caption":"France Lyme"},"image":{"@id":"https:\/\/francelyme.fr\/site\/#\/schema\/logo\/image\/"},"sameAs":["https:\/\/www.facebook.com\/france.lyme","https:\/\/x.com\/francelyme","https:\/\/www.youtube.com\/channel\/UClMCGl3dvkz0iAgXFR1NH1A"]},{"@type":"Person","@id":"https:\/\/francelyme.fr\/site\/#\/schema\/person\/1a2c2689f69ecd6062cfac7d4b12f265","name":"AdminFL","image":{"@type":"ImageObject","inLanguage":"fr-FR","@id":"https:\/\/secure.gravatar.com\/avatar\/4920874779d1914d5cba6d6dc7a2f20c832bb43238e659994a133a63cb03c29e?s=96&d=mm&r=g","url":"https:\/\/secure.gravatar.com\/avatar\/4920874779d1914d5cba6d6dc7a2f20c832bb43238e659994a133a63cb03c29e?s=96&d=mm&r=g","contentUrl":"https:\/\/secure.gravatar.com\/avatar\/4920874779d1914d5cba6d6dc7a2f20c832bb43238e659994a133a63cb03c29e?s=96&d=mm&r=g","caption":"AdminFL"},"url":"https:\/\/francelyme.fr\/site\/author\/fralymadm\/"}]}},"_links":{"self":[{"href":"https:\/\/francelyme.fr\/site\/wp-json\/wp\/v2\/posts\/7685","targetHints":{"allow":["GET"]}}],"collection":[{"href":"https:\/\/francelyme.fr\/site\/wp-json\/wp\/v2\/posts"}],"about":[{"href":"https:\/\/francelyme.fr\/site\/wp-json\/wp\/v2\/types\/post"}],"author":[{"embeddable":true,"href":"https:\/\/francelyme.fr\/site\/wp-json\/wp\/v2\/users\/1"}],"replies":[{"embeddable":true,"href":"https:\/\/francelyme.fr\/site\/wp-json\/wp\/v2\/comments?post=7685"}],"version-history":[{"count":1,"href":"https:\/\/francelyme.fr\/site\/wp-json\/wp\/v2\/posts\/7685\/revisions"}],"predecessor-version":[{"id":9696,"href":"https:\/\/francelyme.fr\/site\/wp-json\/wp\/v2\/posts\/7685\/revisions\/9696"}],"wp:featuredmedia":[{"embeddable":true,"href":"https:\/\/francelyme.fr\/site\/wp-json\/wp\/v2\/media\/7698"}],"wp:attachment":[{"href":"https:\/\/francelyme.fr\/site\/wp-json\/wp\/v2\/media?parent=7685"}],"wp:term":[{"taxonomy":"category","embeddable":true,"href":"https:\/\/francelyme.fr\/site\/wp-json\/wp\/v2\/categories?post=7685"},{"taxonomy":"post_tag","embeddable":true,"href":"https:\/\/francelyme.fr\/site\/wp-json\/wp\/v2\/tags?post=7685"}],"curies":[{"name":"wp","href":"https:\/\/api.w.org\/{rel}","templated":true}]}}