{"id":8161,"date":"2019-04-23T22:07:20","date_gmt":"2019-04-23T20:07:20","guid":{"rendered":"https:\/\/francelyme.fr\/?p=8161"},"modified":"2019-05-04T22:23:53","modified_gmt":"2019-05-04T20:23:53","slug":"retour-sur-la-conference-medicale-de-reventin-vaugris-du-12-avril","status":"publish","type":"post","link":"https:\/\/francelyme.fr\/site\/retour-sur-la-conference-medicale-de-reventin-vaugris-du-12-avril\/","title":{"rendered":"Retour sur la conf\u00e9rence m\u00e9dicale de Reventin-Vaugris du 12 avril"},"content":{"rendered":"<div class=\"like-button\" style=\"float: right; clear: both; text-align: right; width = 100%;\">\n<!-- Facebook Like Button Vivacity Infotech BEGIN -->\n<div class=\"fb-like\" data-href=\"https:\/\/francelyme.fr\/site\/retour-sur-la-conference-medicale-de-reventin-vaugris-du-12-avril\/\" data-layout=\"box_count\" data-action=\"like\" data-show-faces=\"false\" data-size=\"large\" data-width=\"450\" data-share=\"1\" ><\/div><\/div>\n<!-- Facebook Like Button Vivacity Infotech END -->\n<div id=\"fb-root\"><\/div>\n\n<p> Vendredi 12 avril a eu lieu une conf\u00e9rence \u00e0 Reventin-Vaugris dans  l&rsquo;Is\u00e8re, organis\u00e9e par Alain ORENGIA, b\u00e9n\u00e9vole actif de France Lyme et  le Dr Michel BOUDET : un vrai succ\u00e8s avec pas loin de 100 personnes !<\/p>\n\n\n\n<p><br>Il y a eu un tour d&rsquo;horizon tr\u00e8s complet au regard de la complexit\u00e9 de cette maladie, nous  sommes tr\u00e8s satisfaits de cette soir\u00e9e qui a su m\u00ealer&nbsp;pr\u00e9vention et  ouverture de conscience gr\u00e2ce \u00e0 l&rsquo;approche ouverte et int\u00e9grative du Dr  Boudet.<br>Merci \u00e0 Alain et au Dr Boudet, \u00e0 refaire Messieurs ! <\/p>\n\n\n\n<ul class=\"wp-block-gallery columns-2 is-cropped wp-block-gallery-1 is-layout-flex wp-block-gallery-is-layout-flex\"><li class=\"blocks-gallery-item\"><figure><img loading=\"lazy\" decoding=\"async\" width=\"640\" height=\"480\" src=\"http:\/\/francelyme.fr\/site\/wp-content\/uploads\/2019\/04\/Boudet2.jpeg\" alt=\"\" data-id=\"8162\" data-link=\"https:\/\/francelyme.fr\/?attachment_id=8162\" class=\"wp-image-8162\" srcset=\"https:\/\/francelyme.fr\/site\/wp-content\/uploads\/2019\/04\/Boudet2.jpeg 640w, https:\/\/francelyme.fr\/site\/wp-content\/uploads\/2019\/04\/Boudet2-300x225.jpeg 300w\" sizes=\"auto, (max-width: 640px) 100vw, 640px\" \/><\/figure><\/li><li class=\"blocks-gallery-item\"><figure><img loading=\"lazy\" decoding=\"async\" width=\"640\" height=\"480\" src=\"http:\/\/francelyme.fr\/site\/wp-content\/uploads\/2019\/04\/Boudet.jpeg\" alt=\"\" data-id=\"8163\" data-link=\"https:\/\/francelyme.fr\/?attachment_id=8163\" class=\"wp-image-8163\" srcset=\"https:\/\/francelyme.fr\/site\/wp-content\/uploads\/2019\/04\/Boudet.jpeg 640w, https:\/\/francelyme.fr\/site\/wp-content\/uploads\/2019\/04\/Boudet-300x225.jpeg 300w\" sizes=\"auto, (max-width: 640px) 100vw, 640px\" \/><\/figure><\/li><\/ul>\n<div class=\"like-button\" style=\"float: right; clear: both; text-align: right; width = 100%;\">\n<!-- Facebook Like Button Vivacity Infotech BEGIN -->\n<div class=\"fb-like\" data-href=\"https:\/\/francelyme.fr\/site\/retour-sur-la-conference-medicale-de-reventin-vaugris-du-12-avril\/\" data-layout=\"box_count\" data-action=\"like\" data-show-faces=\"false\" data-size=\"large\" data-width=\"450\" data-share=\"1\" ><\/div><\/div>\n<!-- Facebook Like Button Vivacity Infotech END -->\n","protected":false},"excerpt":{"rendered":"","protected":false},"author":1,"featured_media":8162,"comment_status":"closed","ping_status":"closed","sticky":false,"template":"","format":"standard","meta":{"footnotes":""},"categories":[56,38,48],"tags":[],"class_list":["post-8161","post","type-post","status-publish","format-standard","has-post-thumbnail","hentry","category-conference","category-en-regions","category-rhone-alpes"],"yoast_head":"<!-- This site is optimized with the Yoast SEO plugin v27.3 - https:\/\/yoast.com\/product\/yoast-seo-wordpress\/ -->\n<title>Retour sur la conf\u00e9rence m\u00e9dicale de Reventin-Vaugris du 12 avril - Association France Lyme<\/title>\n<meta name=\"robots\" content=\"index, follow, max-snippet:-1, max-image-preview:large, max-video-preview:-1\" \/>\n<link rel=\"canonical\" href=\"https:\/\/francelyme.fr\/site\/retour-sur-la-conference-medicale-de-reventin-vaugris-du-12-avril\/\" \/>\n<meta property=\"og:locale\" content=\"fr_FR\" \/>\n<meta property=\"og:type\" content=\"article\" \/>\n<meta property=\"og:title\" content=\"Retour sur la conf\u00e9rence m\u00e9dicale de Reventin-Vaugris du 12 avril - Association France Lyme\" \/>\n<meta property=\"og:url\" content=\"https:\/\/francelyme.fr\/site\/retour-sur-la-conference-medicale-de-reventin-vaugris-du-12-avril\/\" \/>\n<meta property=\"og:site_name\" content=\"Association France Lyme\" \/>\n<meta property=\"article:publisher\" content=\"https:\/\/www.facebook.com\/france.lyme\" \/>\n<meta property=\"article:published_time\" content=\"2019-04-23T20:07:20+00:00\" \/>\n<meta property=\"article:modified_time\" content=\"2019-05-04T20:23:53+00:00\" \/>\n<meta property=\"og:image\" content=\"https:\/\/francelyme.fr\/site\/wp-content\/uploads\/2019\/04\/Boudet2.jpeg\" \/>\n\t<meta property=\"og:image:width\" content=\"640\" \/>\n\t<meta property=\"og:image:height\" content=\"480\" \/>\n\t<meta property=\"og:image:type\" content=\"image\/jpeg\" \/>\n<meta name=\"author\" content=\"AdminFL\" \/>\n<meta name=\"twitter:card\" content=\"summary_large_image\" \/>\n<meta name=\"twitter:creator\" content=\"@francelyme\" \/>\n<meta name=\"twitter:site\" content=\"@francelyme\" \/>\n<meta name=\"twitter:label1\" content=\"\u00c9crit par\" \/>\n\t<meta name=\"twitter:data1\" content=\"AdminFL\" \/>\n<script type=\"application\/ld+json\" class=\"yoast-schema-graph\">{\"@context\":\"https:\\\/\\\/schema.org\",\"@graph\":[{\"@type\":\"Article\",\"@id\":\"https:\\\/\\\/francelyme.fr\\\/site\\\/retour-sur-la-conference-medicale-de-reventin-vaugris-du-12-avril\\\/#article\",\"isPartOf\":{\"@id\":\"https:\\\/\\\/francelyme.fr\\\/site\\\/retour-sur-la-conference-medicale-de-reventin-vaugris-du-12-avril\\\/\"},\"author\":{\"name\":\"AdminFL\",\"@id\":\"https:\\\/\\\/francelyme.fr\\\/site\\\/#\\\/schema\\\/person\\\/1a2c2689f69ecd6062cfac7d4b12f265\"},\"headline\":\"Retour sur la conf\u00e9rence m\u00e9dicale de Reventin-Vaugris du 12 avril\",\"datePublished\":\"2019-04-23T20:07:20+00:00\",\"dateModified\":\"2019-05-04T20:23:53+00:00\",\"mainEntityOfPage\":{\"@id\":\"https:\\\/\\\/francelyme.fr\\\/site\\\/retour-sur-la-conference-medicale-de-reventin-vaugris-du-12-avril\\\/\"},\"wordCount\":109,\"publisher\":{\"@id\":\"https:\\\/\\\/francelyme.fr\\\/site\\\/#organization\"},\"image\":{\"@id\":\"https:\\\/\\\/francelyme.fr\\\/site\\\/retour-sur-la-conference-medicale-de-reventin-vaugris-du-12-avril\\\/#primaryimage\"},\"thumbnailUrl\":\"https:\\\/\\\/francelyme.fr\\\/site\\\/wp-content\\\/uploads\\\/2019\\\/04\\\/Boudet2.jpeg\",\"articleSection\":[\"Conf\u00e9rences\",\"En r\u00e9gions\",\"Rh\u00f4ne-Alpes\"],\"inLanguage\":\"fr-FR\"},{\"@type\":\"WebPage\",\"@id\":\"https:\\\/\\\/francelyme.fr\\\/site\\\/retour-sur-la-conference-medicale-de-reventin-vaugris-du-12-avril\\\/\",\"url\":\"https:\\\/\\\/francelyme.fr\\\/site\\\/retour-sur-la-conference-medicale-de-reventin-vaugris-du-12-avril\\\/\",\"name\":\"Retour sur la conf\u00e9rence m\u00e9dicale de Reventin-Vaugris du 12 avril - Association France Lyme\",\"isPartOf\":{\"@id\":\"https:\\\/\\\/francelyme.fr\\\/site\\\/#website\"},\"primaryImageOfPage\":{\"@id\":\"https:\\\/\\\/francelyme.fr\\\/site\\\/retour-sur-la-conference-medicale-de-reventin-vaugris-du-12-avril\\\/#primaryimage\"},\"image\":{\"@id\":\"https:\\\/\\\/francelyme.fr\\\/site\\\/retour-sur-la-conference-medicale-de-reventin-vaugris-du-12-avril\\\/#primaryimage\"},\"thumbnailUrl\":\"https:\\\/\\\/francelyme.fr\\\/site\\\/wp-content\\\/uploads\\\/2019\\\/04\\\/Boudet2.jpeg\",\"datePublished\":\"2019-04-23T20:07:20+00:00\",\"dateModified\":\"2019-05-04T20:23:53+00:00\",\"breadcrumb\":{\"@id\":\"https:\\\/\\\/francelyme.fr\\\/site\\\/retour-sur-la-conference-medicale-de-reventin-vaugris-du-12-avril\\\/#breadcrumb\"},\"inLanguage\":\"fr-FR\",\"potentialAction\":[{\"@type\":\"ReadAction\",\"target\":[\"https:\\\/\\\/francelyme.fr\\\/site\\\/retour-sur-la-conference-medicale-de-reventin-vaugris-du-12-avril\\\/\"]}]},{\"@type\":\"ImageObject\",\"inLanguage\":\"fr-FR\",\"@id\":\"https:\\\/\\\/francelyme.fr\\\/site\\\/retour-sur-la-conference-medicale-de-reventin-vaugris-du-12-avril\\\/#primaryimage\",\"url\":\"https:\\\/\\\/francelyme.fr\\\/site\\\/wp-content\\\/uploads\\\/2019\\\/04\\\/Boudet2.jpeg\",\"contentUrl\":\"https:\\\/\\\/francelyme.fr\\\/site\\\/wp-content\\\/uploads\\\/2019\\\/04\\\/Boudet2.jpeg\",\"width\":640,\"height\":480,\"caption\":\"sdr\"},{\"@type\":\"BreadcrumbList\",\"@id\":\"https:\\\/\\\/francelyme.fr\\\/site\\\/retour-sur-la-conference-medicale-de-reventin-vaugris-du-12-avril\\\/#breadcrumb\",\"itemListElement\":[{\"@type\":\"ListItem\",\"position\":1,\"name\":\"Accueil\",\"item\":\"https:\\\/\\\/francelyme.fr\\\/site\\\/\"},{\"@type\":\"ListItem\",\"position\":2,\"name\":\"Retour sur la conf\u00e9rence m\u00e9dicale de Reventin-Vaugris du 12 avril\"}]},{\"@type\":\"WebSite\",\"@id\":\"https:\\\/\\\/francelyme.fr\\\/site\\\/#website\",\"url\":\"https:\\\/\\\/francelyme.fr\\\/site\\\/\",\"name\":\"Association France Lyme\",\"description\":\"Association de lutte contre les maladies vectorielles \u00e0 tiques\",\"publisher\":{\"@id\":\"https:\\\/\\\/francelyme.fr\\\/site\\\/#organization\"},\"potentialAction\":[{\"@type\":\"SearchAction\",\"target\":{\"@type\":\"EntryPoint\",\"urlTemplate\":\"https:\\\/\\\/francelyme.fr\\\/site\\\/?s={search_term_string}\"},\"query-input\":{\"@type\":\"PropertyValueSpecification\",\"valueRequired\":true,\"valueName\":\"search_term_string\"}}],\"inLanguage\":\"fr-FR\"},{\"@type\":\"Organization\",\"@id\":\"https:\\\/\\\/francelyme.fr\\\/site\\\/#organization\",\"name\":\"France Lyme\",\"url\":\"https:\\\/\\\/francelyme.fr\\\/site\\\/\",\"logo\":{\"@type\":\"ImageObject\",\"inLanguage\":\"fr-FR\",\"@id\":\"https:\\\/\\\/francelyme.fr\\\/site\\\/#\\\/schema\\\/logo\\\/image\\\/\",\"url\":\"https:\\\/\\\/francelyme.fr\\\/site\\\/wp-content\\\/uploads\\\/2019\\\/05\\\/francelyme-site.gif\",\"contentUrl\":\"https:\\\/\\\/francelyme.fr\\\/site\\\/wp-content\\\/uploads\\\/2019\\\/05\\\/francelyme-site.gif\",\"width\":180,\"height\":180,\"caption\":\"France Lyme\"},\"image\":{\"@id\":\"https:\\\/\\\/francelyme.fr\\\/site\\\/#\\\/schema\\\/logo\\\/image\\\/\"},\"sameAs\":[\"https:\\\/\\\/www.facebook.com\\\/france.lyme\",\"https:\\\/\\\/x.com\\\/francelyme\",\"https:\\\/\\\/www.youtube.com\\\/channel\\\/UClMCGl3dvkz0iAgXFR1NH1A\"]},{\"@type\":\"Person\",\"@id\":\"https:\\\/\\\/francelyme.fr\\\/site\\\/#\\\/schema\\\/person\\\/1a2c2689f69ecd6062cfac7d4b12f265\",\"name\":\"AdminFL\",\"image\":{\"@type\":\"ImageObject\",\"inLanguage\":\"fr-FR\",\"@id\":\"https:\\\/\\\/secure.gravatar.com\\\/avatar\\\/4920874779d1914d5cba6d6dc7a2f20c832bb43238e659994a133a63cb03c29e?s=96&d=mm&r=g\",\"url\":\"https:\\\/\\\/secure.gravatar.com\\\/avatar\\\/4920874779d1914d5cba6d6dc7a2f20c832bb43238e659994a133a63cb03c29e?s=96&d=mm&r=g\",\"contentUrl\":\"https:\\\/\\\/secure.gravatar.com\\\/avatar\\\/4920874779d1914d5cba6d6dc7a2f20c832bb43238e659994a133a63cb03c29e?s=96&d=mm&r=g\",\"caption\":\"AdminFL\"},\"url\":\"https:\\\/\\\/francelyme.fr\\\/site\\\/author\\\/fralymadm\\\/\"}]}<\/script>\n<!-- \/ Yoast SEO plugin. -->","yoast_head_json":{"title":"Retour sur la conf\u00e9rence m\u00e9dicale de Reventin-Vaugris du 12 avril - Association France Lyme","robots":{"index":"index","follow":"follow","max-snippet":"max-snippet:-1","max-image-preview":"max-image-preview:large","max-video-preview":"max-video-preview:-1"},"canonical":"https:\/\/francelyme.fr\/site\/retour-sur-la-conference-medicale-de-reventin-vaugris-du-12-avril\/","og_locale":"fr_FR","og_type":"article","og_title":"Retour sur la conf\u00e9rence m\u00e9dicale de Reventin-Vaugris du 12 avril - Association France Lyme","og_url":"https:\/\/francelyme.fr\/site\/retour-sur-la-conference-medicale-de-reventin-vaugris-du-12-avril\/","og_site_name":"Association France Lyme","article_publisher":"https:\/\/www.facebook.com\/france.lyme","article_published_time":"2019-04-23T20:07:20+00:00","article_modified_time":"2019-05-04T20:23:53+00:00","og_image":[{"width":640,"height":480,"url":"https:\/\/francelyme.fr\/site\/wp-content\/uploads\/2019\/04\/Boudet2.jpeg","type":"image\/jpeg"}],"author":"AdminFL","twitter_card":"summary_large_image","twitter_creator":"@francelyme","twitter_site":"@francelyme","twitter_misc":{"\u00c9crit par":"AdminFL"},"schema":{"@context":"https:\/\/schema.org","@graph":[{"@type":"Article","@id":"https:\/\/francelyme.fr\/site\/retour-sur-la-conference-medicale-de-reventin-vaugris-du-12-avril\/#article","isPartOf":{"@id":"https:\/\/francelyme.fr\/site\/retour-sur-la-conference-medicale-de-reventin-vaugris-du-12-avril\/"},"author":{"name":"AdminFL","@id":"https:\/\/francelyme.fr\/site\/#\/schema\/person\/1a2c2689f69ecd6062cfac7d4b12f265"},"headline":"Retour sur la conf\u00e9rence m\u00e9dicale de Reventin-Vaugris du 12 avril","datePublished":"2019-04-23T20:07:20+00:00","dateModified":"2019-05-04T20:23:53+00:00","mainEntityOfPage":{"@id":"https:\/\/francelyme.fr\/site\/retour-sur-la-conference-medicale-de-reventin-vaugris-du-12-avril\/"},"wordCount":109,"publisher":{"@id":"https:\/\/francelyme.fr\/site\/#organization"},"image":{"@id":"https:\/\/francelyme.fr\/site\/retour-sur-la-conference-medicale-de-reventin-vaugris-du-12-avril\/#primaryimage"},"thumbnailUrl":"https:\/\/francelyme.fr\/site\/wp-content\/uploads\/2019\/04\/Boudet2.jpeg","articleSection":["Conf\u00e9rences","En r\u00e9gions","Rh\u00f4ne-Alpes"],"inLanguage":"fr-FR"},{"@type":"WebPage","@id":"https:\/\/francelyme.fr\/site\/retour-sur-la-conference-medicale-de-reventin-vaugris-du-12-avril\/","url":"https:\/\/francelyme.fr\/site\/retour-sur-la-conference-medicale-de-reventin-vaugris-du-12-avril\/","name":"Retour sur la conf\u00e9rence m\u00e9dicale de Reventin-Vaugris du 12 avril - Association France Lyme","isPartOf":{"@id":"https:\/\/francelyme.fr\/site\/#website"},"primaryImageOfPage":{"@id":"https:\/\/francelyme.fr\/site\/retour-sur-la-conference-medicale-de-reventin-vaugris-du-12-avril\/#primaryimage"},"image":{"@id":"https:\/\/francelyme.fr\/site\/retour-sur-la-conference-medicale-de-reventin-vaugris-du-12-avril\/#primaryimage"},"thumbnailUrl":"https:\/\/francelyme.fr\/site\/wp-content\/uploads\/2019\/04\/Boudet2.jpeg","datePublished":"2019-04-23T20:07:20+00:00","dateModified":"2019-05-04T20:23:53+00:00","breadcrumb":{"@id":"https:\/\/francelyme.fr\/site\/retour-sur-la-conference-medicale-de-reventin-vaugris-du-12-avril\/#breadcrumb"},"inLanguage":"fr-FR","potentialAction":[{"@type":"ReadAction","target":["https:\/\/francelyme.fr\/site\/retour-sur-la-conference-medicale-de-reventin-vaugris-du-12-avril\/"]}]},{"@type":"ImageObject","inLanguage":"fr-FR","@id":"https:\/\/francelyme.fr\/site\/retour-sur-la-conference-medicale-de-reventin-vaugris-du-12-avril\/#primaryimage","url":"https:\/\/francelyme.fr\/site\/wp-content\/uploads\/2019\/04\/Boudet2.jpeg","contentUrl":"https:\/\/francelyme.fr\/site\/wp-content\/uploads\/2019\/04\/Boudet2.jpeg","width":640,"height":480,"caption":"sdr"},{"@type":"BreadcrumbList","@id":"https:\/\/francelyme.fr\/site\/retour-sur-la-conference-medicale-de-reventin-vaugris-du-12-avril\/#breadcrumb","itemListElement":[{"@type":"ListItem","position":1,"name":"Accueil","item":"https:\/\/francelyme.fr\/site\/"},{"@type":"ListItem","position":2,"name":"Retour sur la conf\u00e9rence m\u00e9dicale de Reventin-Vaugris du 12 avril"}]},{"@type":"WebSite","@id":"https:\/\/francelyme.fr\/site\/#website","url":"https:\/\/francelyme.fr\/site\/","name":"Association France Lyme","description":"Association de lutte contre les maladies vectorielles \u00e0 tiques","publisher":{"@id":"https:\/\/francelyme.fr\/site\/#organization"},"potentialAction":[{"@type":"SearchAction","target":{"@type":"EntryPoint","urlTemplate":"https:\/\/francelyme.fr\/site\/?s={search_term_string}"},"query-input":{"@type":"PropertyValueSpecification","valueRequired":true,"valueName":"search_term_string"}}],"inLanguage":"fr-FR"},{"@type":"Organization","@id":"https:\/\/francelyme.fr\/site\/#organization","name":"France Lyme","url":"https:\/\/francelyme.fr\/site\/","logo":{"@type":"ImageObject","inLanguage":"fr-FR","@id":"https:\/\/francelyme.fr\/site\/#\/schema\/logo\/image\/","url":"https:\/\/francelyme.fr\/site\/wp-content\/uploads\/2019\/05\/francelyme-site.gif","contentUrl":"https:\/\/francelyme.fr\/site\/wp-content\/uploads\/2019\/05\/francelyme-site.gif","width":180,"height":180,"caption":"France Lyme"},"image":{"@id":"https:\/\/francelyme.fr\/site\/#\/schema\/logo\/image\/"},"sameAs":["https:\/\/www.facebook.com\/france.lyme","https:\/\/x.com\/francelyme","https:\/\/www.youtube.com\/channel\/UClMCGl3dvkz0iAgXFR1NH1A"]},{"@type":"Person","@id":"https:\/\/francelyme.fr\/site\/#\/schema\/person\/1a2c2689f69ecd6062cfac7d4b12f265","name":"AdminFL","image":{"@type":"ImageObject","inLanguage":"fr-FR","@id":"https:\/\/secure.gravatar.com\/avatar\/4920874779d1914d5cba6d6dc7a2f20c832bb43238e659994a133a63cb03c29e?s=96&d=mm&r=g","url":"https:\/\/secure.gravatar.com\/avatar\/4920874779d1914d5cba6d6dc7a2f20c832bb43238e659994a133a63cb03c29e?s=96&d=mm&r=g","contentUrl":"https:\/\/secure.gravatar.com\/avatar\/4920874779d1914d5cba6d6dc7a2f20c832bb43238e659994a133a63cb03c29e?s=96&d=mm&r=g","caption":"AdminFL"},"url":"https:\/\/francelyme.fr\/site\/author\/fralymadm\/"}]}},"_links":{"self":[{"href":"https:\/\/francelyme.fr\/site\/wp-json\/wp\/v2\/posts\/8161","targetHints":{"allow":["GET"]}}],"collection":[{"href":"https:\/\/francelyme.fr\/site\/wp-json\/wp\/v2\/posts"}],"about":[{"href":"https:\/\/francelyme.fr\/site\/wp-json\/wp\/v2\/types\/post"}],"author":[{"embeddable":true,"href":"https:\/\/francelyme.fr\/site\/wp-json\/wp\/v2\/users\/1"}],"replies":[{"embeddable":true,"href":"https:\/\/francelyme.fr\/site\/wp-json\/wp\/v2\/comments?post=8161"}],"version-history":[{"count":1,"href":"https:\/\/francelyme.fr\/site\/wp-json\/wp\/v2\/posts\/8161\/revisions"}],"predecessor-version":[{"id":8900,"href":"https:\/\/francelyme.fr\/site\/wp-json\/wp\/v2\/posts\/8161\/revisions\/8900"}],"wp:featuredmedia":[{"embeddable":true,"href":"https:\/\/francelyme.fr\/site\/wp-json\/wp\/v2\/media\/8162"}],"wp:attachment":[{"href":"https:\/\/francelyme.fr\/site\/wp-json\/wp\/v2\/media?parent=8161"}],"wp:term":[{"taxonomy":"category","embeddable":true,"href":"https:\/\/francelyme.fr\/site\/wp-json\/wp\/v2\/categories?post=8161"},{"taxonomy":"post_tag","embeddable":true,"href":"https:\/\/francelyme.fr\/site\/wp-json\/wp\/v2\/tags?post=8161"}],"curies":[{"name":"wp","href":"https:\/\/api.w.org\/{rel}","templated":true}]}}